{"id":9975,"date":"2016-05-19T00:10:00","date_gmt":"2016-05-18T22:10:00","guid":{"rendered":"http:\/\/www.area-press.eu\/comunicatistampa\/?p=9975"},"modified":"2016-05-19T00:10:00","modified_gmt":"2016-05-18T22:10:00","slug":"ad-agosto-si-pedala-con-la-vecia-ferovia-bikers-in-sella-lungo-le-suggestioni-del-passato","status":"publish","type":"post","link":"https:\/\/www.area-press.eu\/comunicatistampa\/2016\/05\/19\/ad-agosto-si-pedala-con-la-vecia-ferovia-bikers-in-sella-lungo-le-suggestioni-del-passato\/","title":{"rendered":"AD AGOSTO SI PEDALA CON LA \u201cVECIA FEROVIA\u201d, BIKERS IN SELLA LUNGO LE SUGGESTIONI DEL PASSATO"},"content":{"rendered":"<p>Il 7 agosto ventennale de \u201cLa Vecia Ferovia dela Val de Fiemme\u201d<\/p>\n<p>Percorso unico di 40 km e 1.056 metri di dislivello<\/p>\n<p>Partenza da Ora (BZ) ed arrivo a Molina di Fiemme (TN)<\/p>\n<p>Iscrizioni per partecipare a 28 euro fino al 24 luglio<\/p>\n<p>&nbsp;<\/p>\n<p>&nbsp;<\/p>\n<p>Gli indomabili della mountain bike pedaleranno anche nell\u2019ottavo mese dell\u2019anno dedicato all\u2019imperatore romano Augusto ne \u201cLa Vecia Ferovia dela Val de Fiemme\u201d, in scena il 7 agosto con partenza da Ora (BZ), un appuntamento immancabile con le ruote grasse ed uno dei pi\u00f9 longevi, dato che quest\u2019edizione festegger\u00e0 il ventennale dalla propria nascita.<\/p>\n<p>Il comitato organizzatore della Polisportiva Molina di Fiemme, guidato da Alberto Di Lorenzo e Mauro Dezulian, metter\u00e0 a disposizione dei bikers un percorso unico di 40 km e 1.056 metri di dislivello, lo stesso che ha animato la \u201cVecia Ferovia\u201d 2015 e che tanto viene apprezzato dagli stessi atleti. Un percorso che si svilupper\u00e0 sul tragitto del vecchio trenino che congiungeva la Val d\u2019Adige con la Val di Fiemme, lungo la via di pittoreschi sentieri e stradine di montagna create ad arte per esaltare lo spirito degli arditi della bicicletta.<\/p>\n<p>Lo start avverr\u00e0 da Ora in Via San Pietro, in provincia di Bolzano, transitando alla vecchia stazione della ferrovia Ora-Predazzo, proseguendo verso Vadena ed imboccando la pista ciclabile in direzione Trento. Il Parco di Castelfeder sar\u00e0 l\u2019obiettivo successivo, raggiunto costeggiando la galleria ed effettuando alcune salite non impegnative. Il primo traguardo volante verr\u00e0 situato nel paese di Pinzano, procedendo poi in falsopiano verso Montagna ed in salita verso le asperit\u00e0 di Passo San Lugano, ove si trova l&#8217;omonimo paese in cui spicca una chiesa gotica risalente al 1500, ad immettere nuovamente sullo sterrato della \u201cVecia Ferovia\u201d.<\/p>\n<p>Emozionante il passaggio al ponte di Gleno, prima di tuffarsi fra i prati ed i boschi trentini, fra i pascoli a campo aperto della stazione di Castello, lungo la discesa off-road che porter\u00e0 all\u2019attacco del \u201cMuro della Pala\u201d, un\u2019arcigna impennata con picchi del 20%. La passerella che costeggia il fluire del fiume Avisio accompagner\u00e0 soavemente all\u2019ultima fatica di giornata, che porter\u00e0 i bikers all\u2019arrivo nella pineta di Molina di Fiemme, dopo una sfida agonistica che ricorder\u00e0 loro perch\u00e9 si erano cos\u00ec tanto appassionati ad una disciplina cos\u00ec difficoltosa, ma allo stesso tempo avvincente e capace di regalare panorami ricchi di fascino e magia, oltre a giornate indimenticabili come questa.<\/p>\n<p>Le iscrizioni a \u201cLa Vecia Ferovia dela Val de Fiemme\u201d sono gi\u00e0 a disposizione, con la tariffa fissata a 28 euro fino al 24 luglio. Il numero di partecipanti \u00e8 consistente e le adesioni stanno procedendo per il meglio, sottolineano con soddisfazione gli organizzatori dell\u2019evento, che con passione e spirito di sacrificio si prodigano ogni anno a realizzare una manifestazione che possa esaltare le doti dei pedalatori.<\/p>\n<p>La \u201cVecia Ferovia dela Val de Fiemme\u201d sar\u00e0 il quarto appuntamento del prestigioso Trentino MTB, il circuito dedicato alle mountain bike che coinvolge da maggio ad ottobre i \u2018fanatici\u2019 delle ruote grasse.<\/p>\n<p>L\u20198 maggio la \u201cValdiNon Bike\u201d ha segnato l\u2019esordio del circuito, il quale proseguir\u00e0 con la \u201c100 Km dei Forti\u201d di Lavarone del 12 giugno, la \u201cDolomitica Brenta Bike\u201d di Pinzolo del 26 giugno, il 7 agosto sar\u00e0 dunque la volta de \u201cLa Vecia Ferovia\u201d, seguita dalla \u201cVal di Sole Marathon\u201d di Mal\u00e8 del 28 agosto, prima di chiudere in bellezza con la \u201c3TBIKE\u201d di Telve Valsugana il 2 ottobre. I bikers che desiderano prenotare l\u2019alloggio presso gli alberghi della zona convenzionati con la \u201cVecia Ferovia\u201d possono consultare i siti internet <a href=\"http:\/\/www.laveciaferovia.it\/hotel.asp\">www.laveciaferovia.it\/hotel.asp<\/a>, <a href=\"http:\/\/www.visitfiemme.it\/\">www.visitfiemme.it<\/a> e <a href=\"http:\/\/www.castelfeder.info\/\">www.castelfeder.info<\/a>.<\/p>\n<p>Info: www.laveciaferovia.it<\/p>\n","protected":false},"excerpt":{"rendered":"<p>Il 7 agosto ventennale de \u201cLa Vecia Ferovia dela Val de Fiemme\u201d Percorso unico di 40 km e 1.056 metri di dislivello Partenza da Ora (BZ) ed arrivo a Molina di Fiemme (TN) Iscrizioni per partecipare a 28 euro fino al 24 luglio &nbsp; &nbsp; Gli indomabili della mountain bike pedaleranno anche nell\u2019ottavo mese dell\u2019anno [&hellip;]<\/p>\n","protected":false},"author":15,"featured_media":0,"comment_status":"open","ping_status":"open","sticky":false,"template":"","format":"standard","meta":{"footnotes":""},"categories":[15],"tags":[],"class_list":["post-9975","post","type-post","status-publish","format-standard","hentry","category-sport"],"_links":{"self":[{"href":"https:\/\/www.area-press.eu\/comunicatistampa\/wp-json\/wp\/v2\/posts\/9975","targetHints":{"allow":["GET"]}}],"collection":[{"href":"https:\/\/www.area-press.eu\/comunicatistampa\/wp-json\/wp\/v2\/posts"}],"about":[{"href":"https:\/\/www.area-press.eu\/comunicatistampa\/wp-json\/wp\/v2\/types\/post"}],"author":[{"embeddable":true,"href":"https:\/\/www.area-press.eu\/comunicatistampa\/wp-json\/wp\/v2\/users\/15"}],"replies":[{"embeddable":true,"href":"https:\/\/www.area-press.eu\/comunicatistampa\/wp-json\/wp\/v2\/comments?post=9975"}],"version-history":[{"count":1,"href":"https:\/\/www.area-press.eu\/comunicatistampa\/wp-json\/wp\/v2\/posts\/9975\/revisions"}],"predecessor-version":[{"id":9976,"href":"https:\/\/www.area-press.eu\/comunicatistampa\/wp-json\/wp\/v2\/posts\/9975\/revisions\/9976"}],"wp:attachment":[{"href":"https:\/\/www.area-press.eu\/comunicatistampa\/wp-json\/wp\/v2\/media?parent=9975"}],"wp:term":[{"taxonomy":"category","embeddable":true,"href":"https:\/\/www.area-press.eu\/comunicatistampa\/wp-json\/wp\/v2\/categories?post=9975"},{"taxonomy":"post_tag","embeddable":true,"href":"https:\/\/www.area-press.eu\/comunicatistampa\/wp-json\/wp\/v2\/tags?post=9975"}],"curies":[{"name":"wp","href":"https:\/\/api.w.org\/{rel}","templated":true}]}}