{"id":991,"date":"2015-07-31T18:23:32","date_gmt":"2015-07-31T16:23:32","guid":{"rendered":"http:\/\/www.area-press.eu\/comunicatistampa\/?p=991"},"modified":"2015-07-31T18:23:32","modified_gmt":"2015-07-31T16:23:32","slug":"lago-di-garda-in-estate-musica-feste-e-spettacoli","status":"publish","type":"post","link":"https:\/\/www.area-press.eu\/comunicatistampa\/2015\/07\/31\/lago-di-garda-in-estate-musica-feste-e-spettacoli\/","title":{"rendered":"Lago di Garda in estate: musica, feste e spettacoli"},"content":{"rendered":"<p>Il <strong>lago di Garda<\/strong> propone ogni anno molte attivit\u00e0 per consentire a coppie, famiglie e gruppi di amici l&#8217;organizzazione di una <strong>vacanza ideale<\/strong>. Eventi, concerti, spettacoli e tanto sport: il lago di <strong>Garda<\/strong> propone tante possibilit\u00e0, non resta che scegliere quelle pi\u00f9 interessanti.<\/p>\n<p>Per gli appassionati di vela, ad esempio, il lago \u00e8 perfetto per trascorrere ore sulle tavole e farsi trasportare sulle acque dal vento. Le citt\u00e0 che si trovano sul <strong>Lago di Garda<\/strong> sono perfettamente organizzate per assicurare vacanze all&#8217;insegna del <strong>divertimento<\/strong>, del <strong>realx<\/strong> e dello <strong>shopping<\/strong>.<\/p>\n<p>Per le<strong> famiglie con bambini<\/strong>, ad esempio, \u00e8 possibile partecipare ad un bellissimo evento che si tiene ad Arco dal 30 luglio al primo agosto: il <strong>\u201cCarnevalestate\u201d<\/strong>. La manifestazione si svolge tra <strong>piazzale Segantini, Piazza Marchetti e Piazza delle Canoniche<\/strong> e vede la sfilata di bellissimi <strong>carri allegorici<\/strong> realizzati con maestria e creativit\u00e0. La terza edizione di<strong> \u201cCarnevalestate\u201d<\/strong> \u00e8 un evento davvero imperdibile, perfetto sia per bambini, sia per adulti.<\/p>\n<p>L&#8217;estate al <strong>Lago di Garda<\/strong> non prevede soltanto attivit\u00e0 per i bambini: per gli appassionati di musica, ad esempio, ci sono tanti concerti interessanti. <strong>Blues, jazz e piano solo<\/strong> riempiono le notti estive sul lago di Garda, offrendo agli appassionati di musica il meglio della musica italiane e internazionale.<\/p>\n<p>Luned\u00ec<strong> 10 agosto<\/strong>, ad esempio, presso l&#8217;<strong>Auditorium di Arco<\/strong>, si esibiranno in concerto due dei pi\u00f9 prestigiosi <strong>musicisti della Lombardia<\/strong>. Alessandro <strong>Baloti<\/strong> (corno) e Simone <strong>Pagani<\/strong> (piano) terranno un <strong>concerto<\/strong> nell&#8217;ambito della manifestazione Festival Pi\u00f9&#8230;piano, organizzato dall&#8217;associazione Sonora Mente. Un&#8217;occasione davvero unica per ascoltare <strong>buon musica<\/strong> in una cornice molto suggestiva.<\/p>\n<p>Per trascorrere v<strong>acanze indimenticabili e rilassanti sul Lago di Garda<\/strong>, \u00e8 possibile soggiornare al <strong>Palace Hotel Citt\u00e0 di Arco<\/strong>, l&#8217;albergo <strong>4 stelle<\/strong> recentemente ristrutturato che mette a disposizione dei suoi ospiti tutti i comfort per vacanze all&#8217;insegna del relax. L&#8217;hotel si trova nel centro di <strong>Arco<\/strong> ed \u00e8 ideato per assecondare i desideri anche degli <strong>ospiti<\/strong> pi\u00f9 esigenti.<\/p>\n<p>Per avere maggiori informazioni sulle proposte del <strong>Palace Hotel Citt\u00e0<\/strong> \u00e8 possibile visitare il sito <strong><a href=\"http:\/\/www.palacehotelcitta.it\" target=\"_blank\">www.palacehotelcitta.it<\/a><\/strong>, inviare una mail all&#8217;indirizzo <a href=\"mailto:info@palacehotelcitta.it\" target=\"_blank\">info@palacehotelcitta.it<\/a> oppure contattare lo staff al numero <strong>+39 0464 531100<\/strong>.<\/p>\n","protected":false},"excerpt":{"rendered":"<p>Il lago di Garda propone ogni anno molte attivit\u00e0 per consentire a coppie, famiglie e gruppi di amici l&#8217;organizzazione di una vacanza ideale. Eventi, concerti, spettacoli e tanto sport: il lago di Garda propone tante possibilit\u00e0, non resta che scegliere quelle pi\u00f9 interessanti. Per gli appassionati di vela, ad esempio, il lago \u00e8 perfetto per [&hellip;]<\/p>\n","protected":false},"author":194,"featured_media":0,"comment_status":"open","ping_status":"open","sticky":false,"template":"","format":"standard","meta":{"footnotes":""},"categories":[18,3,29,8,17],"tags":[],"class_list":["post-991","post","type-post","status-publish","format-standard","hentry","category-altri-vari","category-arte-e-cultura","category-comunicati","category-eventi","category-turismo"],"_links":{"self":[{"href":"https:\/\/www.area-press.eu\/comunicatistampa\/wp-json\/wp\/v2\/posts\/991","targetHints":{"allow":["GET"]}}],"collection":[{"href":"https:\/\/www.area-press.eu\/comunicatistampa\/wp-json\/wp\/v2\/posts"}],"about":[{"href":"https:\/\/www.area-press.eu\/comunicatistampa\/wp-json\/wp\/v2\/types\/post"}],"author":[{"embeddable":true,"href":"https:\/\/www.area-press.eu\/comunicatistampa\/wp-json\/wp\/v2\/users\/194"}],"replies":[{"embeddable":true,"href":"https:\/\/www.area-press.eu\/comunicatistampa\/wp-json\/wp\/v2\/comments?post=991"}],"version-history":[{"count":1,"href":"https:\/\/www.area-press.eu\/comunicatistampa\/wp-json\/wp\/v2\/posts\/991\/revisions"}],"predecessor-version":[{"id":1001,"href":"https:\/\/www.area-press.eu\/comunicatistampa\/wp-json\/wp\/v2\/posts\/991\/revisions\/1001"}],"wp:attachment":[{"href":"https:\/\/www.area-press.eu\/comunicatistampa\/wp-json\/wp\/v2\/media?parent=991"}],"wp:term":[{"taxonomy":"category","embeddable":true,"href":"https:\/\/www.area-press.eu\/comunicatistampa\/wp-json\/wp\/v2\/categories?post=991"},{"taxonomy":"post_tag","embeddable":true,"href":"https:\/\/www.area-press.eu\/comunicatistampa\/wp-json\/wp\/v2\/tags?post=991"}],"curies":[{"name":"wp","href":"https:\/\/api.w.org\/{rel}","templated":true}]}}