{"id":984,"date":"2015-07-31T15:25:03","date_gmt":"2015-07-31T13:25:03","guid":{"rendered":"http:\/\/www.area-press.eu\/comunicatistampa\/?p=984"},"modified":"2015-07-31T15:25:03","modified_gmt":"2015-07-31T13:25:03","slug":"la-vecia-ferovia-in-partenza-la-carica-dei-1300-sui-binari-della-val-di-fiemme","status":"publish","type":"post","link":"https:\/\/www.area-press.eu\/comunicatistampa\/2015\/07\/31\/la-vecia-ferovia-in-partenza-la-carica-dei-1300-sui-binari-della-val-di-fiemme\/","title":{"rendered":"LA \u201cVECIA FEROVIA\u201d IN PARTENZA, LA CARICA DEI 1300 SUI BINARI DELLA VAL DI FIEMME"},"content":{"rendered":"<p>Domenica 2 agosto 19.a edizione de \u2018La Vecia Ferovia dela Val de Fiemme\u2019<\/p>\n<p>Parterre de roi e 1300 iscritti all\u2019evento di Molina (TN)<\/p>\n<p>\u2018Vecia Ferovia\u2019 tinta di rosa con ben 100 partecipanti donne<\/p>\n<p>Quarta tappa di \u2018Trentino MTB presented by crankbrothers\u2019<\/p>\n<p>&nbsp;<\/p>\n<p>&nbsp;<\/p>\n<p>Sui binari de \u2018La Vecia Ferovia dela Val de Fiemme\u2019 \u00e8 pronto a partire un lungo treno formato da 1300 bikers, e domenica 2 agosto la 19.a edizione della bike marathon trentina \u00e8 pronta a regalare spettacolo e divertimento. La gara scatter\u00e0 da Ora, in Alto Adige, per poi concludersi a Molina di Fiemme, in Trentino, dopo 40 km e 1000 metri abbondanti di dislivello sugli sterrati che ripercorrono il tracciato dell\u2019antico trenino della Val di Fiemme fra viadotti, gallerie e vecchie stazioni. I punti pi\u00f9 caldi del percorso sono rappresentati dallo strappo in pav\u00e9 che immette sul traguardo volante di Pinzano, i GPM di San Lugano e del temibile Muro della Pala e soprattutto il finale, ridisegnato quest\u2019anno dagli organizzatori della Polisportiva Molina di Fiemme con una serie di tornantini e una rampa di 400 metri, trampolino di lancio verso la finish line allestita nel cuore della Pineta di Piazzol.<\/p>\n<p>La gara di domenica si conferma quindi fra le pi\u00f9 apprezzate nel panorama trentino e nazionale delle ruote grasse e fra i 1300 iscritti alla \u2018Vecia Ferovia\u2019 non mancano i big, a partire da quel Fabian Rabensteiner che lo scorso anno mise in fila tutti gli avversari sul traguardo di Molina. Per l\u2019altoatesino non sar\u00e0 facile ripetersi, visto che al via ci saranno riders del calibro di Roel Paulissen, gi\u00e0 iridato marathon, Daniele Mensi, Johann Pallhuber &#8211; quattro volte vincitore della \u2018Vecia Ferovia\u2019 \u2013 Klaus Fontana, Martino Fruet, Mattia Longa e Marzio Deho, due volte a segno a Molina e leader della categoria Open di Trentino MTB presented by crankbrothers, noto circuito di cui la \u2018Vecia Ferovia\u2019 \u00e8 quarta tappa. Il quadro dei possibili protagonisti si completa con i nomi dei vari Schweiggl, Righettini, Degasperi, Janes, Bettelli, Buono, Botero Villegas, Cominelli, Antonello e Valerio, pronti ad inserirsi nella lotta per le prime posizioni.<\/p>\n<p>La \u2018Vecia Ferovia\u2019 riscuote grande successo anche fra le ladies e domenica la griglia di partenza sar\u00e0 affollata da ben 100 concorrenti donne, fra le quali spiccano i nomi delle quattro indiziate al successo: la lituana Katazina Sosna, la vincitrice delle ultime due edizioni Elena Gaddoni, la trentina Lorenza Menapace, prima nel 2012, e Lorena Zocca, leader del circuito Trentino MTB e neo campionessa italiana Master nel Cross Country.<\/p>\n<p>Per tutti e 1300 gli appassionati al via l\u2019appuntamento \u00e8 fissato per domenica mattina ad Ora: alle 9.30 scatteranno agonisti e amatori, seguiti alle 9.35 dagli escursionisti. Domani, invece, la ribalta sar\u00e0 tutta per i bikers in erba perch\u00e9 alle 15.30 nel parco di Piazzol di Molina di Fiemme sar\u00e0 di scena la \u2018Mini Ferrovia \u2013 Trofeo Emily e Roberta\u2019, gara promozionale aperta a bambini e ragazzi sino ai 16 anni che dopo l\u2019arrivo riceveranno un gadget premio.<\/p>\n<p>\u2018La Vecia Ferovia dela Val de Fiemme\u2019 \u00e8 gara Jolly di Trentino MTB presented by crankbrothers con i punti conquistati a Molina che verranno maggiorati del 20%, fa parte inoltre del circuito Prestigio MTB e assegna i titoli del Campionato Trentino Up Hill FCI.<\/p>\n<p>Info: <a href=\"http:\/\/www.laveciaferovia.it\/\">www.laveciaferovia.it<\/a><\/p>\n","protected":false},"excerpt":{"rendered":"<p>Domenica 2 agosto 19.a edizione de \u2018La Vecia Ferovia dela Val de Fiemme\u2019 Parterre de roi e 1300 iscritti all\u2019evento di Molina (TN) \u2018Vecia Ferovia\u2019 tinta di rosa con ben 100 partecipanti donne Quarta tappa di \u2018Trentino MTB presented by crankbrothers\u2019 &nbsp; &nbsp; Sui binari de \u2018La Vecia Ferovia dela Val de Fiemme\u2019 \u00e8 pronto [&hellip;]<\/p>\n","protected":false},"author":15,"featured_media":0,"comment_status":"open","ping_status":"open","sticky":false,"template":"","format":"standard","meta":{"footnotes":""},"categories":[15],"tags":[],"class_list":["post-984","post","type-post","status-publish","format-standard","hentry","category-sport"],"_links":{"self":[{"href":"https:\/\/www.area-press.eu\/comunicatistampa\/wp-json\/wp\/v2\/posts\/984","targetHints":{"allow":["GET"]}}],"collection":[{"href":"https:\/\/www.area-press.eu\/comunicatistampa\/wp-json\/wp\/v2\/posts"}],"about":[{"href":"https:\/\/www.area-press.eu\/comunicatistampa\/wp-json\/wp\/v2\/types\/post"}],"author":[{"embeddable":true,"href":"https:\/\/www.area-press.eu\/comunicatistampa\/wp-json\/wp\/v2\/users\/15"}],"replies":[{"embeddable":true,"href":"https:\/\/www.area-press.eu\/comunicatistampa\/wp-json\/wp\/v2\/comments?post=984"}],"version-history":[{"count":1,"href":"https:\/\/www.area-press.eu\/comunicatistampa\/wp-json\/wp\/v2\/posts\/984\/revisions"}],"predecessor-version":[{"id":985,"href":"https:\/\/www.area-press.eu\/comunicatistampa\/wp-json\/wp\/v2\/posts\/984\/revisions\/985"}],"wp:attachment":[{"href":"https:\/\/www.area-press.eu\/comunicatistampa\/wp-json\/wp\/v2\/media?parent=984"}],"wp:term":[{"taxonomy":"category","embeddable":true,"href":"https:\/\/www.area-press.eu\/comunicatistampa\/wp-json\/wp\/v2\/categories?post=984"},{"taxonomy":"post_tag","embeddable":true,"href":"https:\/\/www.area-press.eu\/comunicatistampa\/wp-json\/wp\/v2\/tags?post=984"}],"curies":[{"name":"wp","href":"https:\/\/api.w.org\/{rel}","templated":true}]}}