{"id":980,"date":"2015-07-31T15:25:03","date_gmt":"2015-07-31T13:25:03","guid":{"rendered":"http:\/\/www.area-press.eu\/comunicatistampa\/?p=980"},"modified":"2018-10-28T18:25:00","modified_gmt":"2018-10-28T17:25:00","slug":"e-in-arrivo-a-jesolo-il-105-music-fun-2015-il-tour-estivo-di-radio-105-l8-e-il-9-agosto-lattesa-carovana-musicale-portera-nella-splendida-localita-balneare","status":"publish","type":"post","link":"https:\/\/www.area-press.eu\/comunicatistampa\/2015\/07\/31\/e-in-arrivo-a-jesolo-il-105-music-fun-2015-il-tour-estivo-di-radio-105-l8-e-il-9-agosto-lattesa-carovana-musicale-portera-nella-splendida-localita-balneare\/","title":{"rendered":"E&#8217; in arrivo a Jesolo il &#8220;105 Music &amp; Fun 2015&#8221;, il tour estivo di Radio 105: l&#8217;8 e il 9 agosto l&#8217;attesa carovana musicale portera&#8217; nella splendida localita&#8217; balneare&#8230;"},"content":{"rendered":"<p><strong>Jesolo (VE) 8-9 agosto 2015<\/strong><br \/>\n8-9 agosto: diretta il sabato dalle 19.00 alle 21.00 e la domenica dalle 12.00 alle 14.00 con Daniele Battaglia e Laura Gauthier<br \/>\nLocation truck della diretta: Spiaggia del Faro<br \/>\nLocation Villaggio: Spiaggia del Faro<br \/>\nIntrattenimento 8 agosto dalle ore 17.00 alle ore 18.30 &#8211; Spiaggia del Faro con la partecipazione speciale di <strong>Carla Gozzi<\/strong><br \/>\nConcerto 8 agosto &#8211; Spiaggia del Faro &#8211; <strong>Raf, opening act: Iaco<\/strong><\/p>\n<p>Anche quest&#8217;estate <strong><a href=\"http:\/\/www.105.net\/\">Radio 105<\/a><\/strong> ha dato vita all&#8217;attesissimo appuntamento <strong>&#8220;105 Music &amp; Fun 2015&#8221;<\/strong>, il tour itinerante partito il 20 giugno da Peschici che porta musica, djs, concerti, dirette, allegria, novit\u00e0, giochi, gadget, intrattenimento e molto altro ancora quest&#8217;anno in 8 tra le pi\u00f9 rinomate e divertenti localit\u00e0 balneari italiane: <strong>Jesolo <\/strong>sar\u00e0 l&#8217;ultima tappa di questa splendida carovana musicale.<\/p>\n<p>Quest&#8217;anno il <strong>&#8220;105 MUSIC &amp; FUN 2015&#8221; si svolger\u00e0 a Jesolo l&#8217;8 e il 9 agosto.<\/strong><\/p>\n<p><strong>Special Guest in concerto l&#8217;8 agosto sar\u00e0<\/strong>il cantautore pugliese <strong>Raf<\/strong> che si esibir\u00e0 in un emozionante concerto in cui ripercorrer\u00e0 i momenti pi\u00f9 importanti della sua carriera fino al successo di quest\u2019anno \u201cCome una favola\u201d e alla hit radiofonica di questa estate \u201cRimani tu\u201d.<\/p>\n<p>Il concerto di Raf sar\u00e0 anticipato da uno speciale <em>show case<\/em> di <strong>Iaco <\/strong>che presenter\u00e0 il suo nuovo singolo \u201cSpazio Tempo\u201d, anteprima dell\u2019album la cui uscita \u00e8 prevista per il prossimo autunno.<\/p>\n<p>A sorpresa un momento di intrattenimento <em>fashion<\/em> l&#8217;8 agosto dalle ore 17.00 alle ore 18,30 con la partecipazione speciale della famosissima fashion blogger, volto di Real Time (canale 31 dtt free) <strong>Carla Gozzi che dar\u00e0 al pubblico consigli di stile utili sul <em>bon ton<\/em> dell&#8217;estate.<\/strong><\/p>\n<p>Il fascino, la magia, la potenza della comunicazione radiofonica dal vivo, con una lunga rassegna di eventi d\u2019animazione dedicata a giovanissimi, giovani e meno giovani.<\/p>\n<p>Un week end intenso, ricco di programmi in diretta in compagnia di <strong>Daniele Battaglia e Laura Gauthier<\/strong> che trasmetteranno dallo spettacolare truck, coinvolgendo i presenti e intrattenendoli con attivit\u00e0 di animazione e distribuzione di gadget.<\/p>\n<p>Il grande villaggio commerciale allestito sulla spiaggia ospiter\u00e0 al suo interno le attivit\u00e0 organizzate per il pubblico dagli importanti sponsor del tour.<\/p>\n<p>Il villaggio rester\u00e0 aperto il <strong>venerd\u00ec dalle 16.00 alle 20.00 e il sabato e la domenica dalle 10.00 alle 13.00 e dalle 16.00 alle 19.00.<\/strong><\/p>\n<p>La tappa di Jesolo del tour sar\u00e0 comunicata gi\u00e0 nei giorni precedenti attraverso una capillare attivit\u00e0 di promozione presso la localit\u00e0 e le zone limitrofe.<\/p>\n<p><strong>Gli sponsor<\/strong> di &#8220;<strong>105 Music &amp; Fun 2015<\/strong>&#8221; sono: <strong>FIAT, Pepsi Max, Lay\u2019s, Coop,<\/strong> <strong>DMAX, Real Time, Lombardo Bikes e Magniflex<\/strong>.<\/p>\n<p>Su <strong>105.net<\/strong> una sezione dedicata contiene le informazioni di servizio e la gallery fotografica tappa per tappa.<\/p>\n<p>Per ulteriori informazioni:<br \/>\nUfficio stampa esterno Radio 105<br \/>\n<strong> Blu Wom Milano srl<\/strong><br \/>\nDir. Gen. e Resp. Serv. Clienti: Patrizia Fabretti<br \/>\np.fabretti@bluwom-milano.com<br \/>\ntel 02 87384640<\/p>\n<p>Ufficio stampa Radio 105<br \/>\nDaniela Zoppi<br \/>\ndanielazoppi@105.net<br \/>\nTel. 02.62537328, 348.8410587<\/p>\n","protected":false},"excerpt":{"rendered":"<p>Jesolo (VE) 8-9 agosto 2015 8-9 agosto: diretta il sabato dalle 19.00 alle 21.00 e la domenica dalle 12.00 alle 14.00 con Daniele Battaglia e Laura Gauthier Location truck della diretta: Spiaggia del Faro Location Villaggio: Spiaggia del Faro Intrattenimento 8 agosto dalle ore 17.00 alle ore 18.30 &#8211; Spiaggia del Faro con la partecipazione [&hellip;]<\/p>\n","protected":false},"author":130,"featured_media":0,"comment_status":"open","ping_status":"open","sticky":false,"template":"","format":"standard","meta":{"footnotes":""},"categories":[8],"tags":[927,926,923,924,925],"class_list":["post-980","post","type-post","status-publish","format-standard","hentry","category-eventi","tag-carla-gozzi-jesolo","tag-concerto-raf-jesolo","tag-music-e-fun-radio-105","tag-raf","tag-tour-radio-105"],"_links":{"self":[{"href":"https:\/\/www.area-press.eu\/comunicatistampa\/wp-json\/wp\/v2\/posts\/980","targetHints":{"allow":["GET"]}}],"collection":[{"href":"https:\/\/www.area-press.eu\/comunicatistampa\/wp-json\/wp\/v2\/posts"}],"about":[{"href":"https:\/\/www.area-press.eu\/comunicatistampa\/wp-json\/wp\/v2\/types\/post"}],"author":[{"embeddable":true,"href":"https:\/\/www.area-press.eu\/comunicatistampa\/wp-json\/wp\/v2\/users\/130"}],"replies":[{"embeddable":true,"href":"https:\/\/www.area-press.eu\/comunicatistampa\/wp-json\/wp\/v2\/comments?post=980"}],"version-history":[{"count":4,"href":"https:\/\/www.area-press.eu\/comunicatistampa\/wp-json\/wp\/v2\/posts\/980\/revisions"}],"predecessor-version":[{"id":35039,"href":"https:\/\/www.area-press.eu\/comunicatistampa\/wp-json\/wp\/v2\/posts\/980\/revisions\/35039"}],"wp:attachment":[{"href":"https:\/\/www.area-press.eu\/comunicatistampa\/wp-json\/wp\/v2\/media?parent=980"}],"wp:term":[{"taxonomy":"category","embeddable":true,"href":"https:\/\/www.area-press.eu\/comunicatistampa\/wp-json\/wp\/v2\/categories?post=980"},{"taxonomy":"post_tag","embeddable":true,"href":"https:\/\/www.area-press.eu\/comunicatistampa\/wp-json\/wp\/v2\/tags?post=980"}],"curies":[{"name":"wp","href":"https:\/\/api.w.org\/{rel}","templated":true}]}}