{"id":9783,"date":"2016-05-16T15:27:23","date_gmt":"2016-05-16T13:27:23","guid":{"rendered":"http:\/\/www.area-press.eu\/comunicatistampa\/?p=9783"},"modified":"2016-05-16T15:27:23","modified_gmt":"2016-05-16T13:27:23","slug":"lavvocato-andrea-mascetti-e-le-sue-attivita-in-materia-di-diritto-civile-e-amministrativo","status":"publish","type":"post","link":"https:\/\/www.area-press.eu\/comunicatistampa\/2016\/05\/16\/lavvocato-andrea-mascetti-e-le-sue-attivita-in-materia-di-diritto-civile-e-amministrativo\/","title":{"rendered":"L\u2019avvocato Andrea Mascetti e le sue attivit\u00e0 in materia di diritto civile e amministrativo"},"content":{"rendered":"<p><em><strong><a title=\"Andrea Mascetti - Profilo Professionisti e Aziende\" href=\"http:\/\/www.professionistieaziende.it\/andrea_mascetti\/andrea_mascetti.php\">Andrea Mascetti<\/a>, avvocato varesino con un background di collaborazioni illustri, tra cui quella con lo Studio Associato Legale Tributario (SALT) affiliato a Ernst &amp; Young, fonda nel 2004 lo Studio Legale Mascetti, col quale offre servizi di consulenza in materia di diritto civile, amministrativo e penale.<\/strong><\/em><\/p>\n<p><a title=\"Andrea Mascetti - Profilo Professionisti e Aziende\" href=\"http:\/\/www.professionistieaziende.it\/andrea_mascetti\/andrea_mascetti.php\"><img loading=\"lazy\" decoding=\"async\" src=\"http:\/\/www.professionistieaziende.it\/andrea_mascetti\/andrea_mascetti.jpg\" alt=\"Andrea Mascetti, titolare dello Studio Legale Mascetti\" width=\"150\" height=\"189\" \/><\/a><\/p>\n<h2>L&#8217;Avvocato Andrea Mascetti e la sua carriera professionale<\/h2>\n<p>Classe 1971 e originario di Varese, <strong>Andrea Mascetti<\/strong> si diploma al Liceo Classico della sua citt\u00e0. Si laurea presso la Facolt\u00e0 di Giurisprudenza dell&#8217;Universit\u00e0 degli Studi di Milano, superando poi l&#8217;Esame di Stato alla Corte di Appello di Milano, che lo abilita alla professione legale. Si iscrive quindi all&#8217;albo professionale dell&#8217;Ordine degli Avvocati di Varese. Sempre attento alla sua formazione, negli anni ha frequentato numerosi corsi che gli hanno permesso di aggiornarsi con costanza sulle norme degli ambiti in cui opera. Inoltre, Andrea Mascetti ha frequentato due master di perfezionamento in legge: &#8220;Bilancio d&#8217;esercizio per avvocati e giuristi d&#8217;impresa&#8221; e &#8220;International legal practice. Summer Programme for European Lawyers&#8221;, quest&#8217;ultimo organizzato dall&#8217;ECCLE (European Centre for Continuing Legal Education) a Oxford (UK). Parallelamente alle principali attivit\u00e0 in materia di diritto penale, civile e amministrativo, l&#8217;avvocato presta attivit\u00e0 di consulenza ad aziende pubbliche, enti locali e societ\u00e0, occupandosi anche di arbitrati civili e amministrativi nell&#8217;ambito di appalti pubblici.<\/p>\n<h2>Attivit\u00e0 dello Studio Legale Mascetti, fondato dall&#8217;avvocato Andrea Mascetti nel 2004<\/h2>\n<p>Nel 2004 <strong>Andrea Mascetti<\/strong> intraprende un percorso lavorativo autonomo con la fondazione dello Studio Legale Mascetti, offrendo consulenze in ambito giudiziale e stragiudiziale e rivolgendosi principalmente a societ\u00e0, privati e amministrazioni pubbliche che necessitano di essere assistiti in questioni di carattere giuridico. Al fine di rendersi garante di un&#8217;offerta il pi\u00f9 possibile ampia e qualificata, sono nove gli avvocati che operano nello Studio Legale Mascetti, ognuno dei quali \u00e8 specializzato in un determinato ambito: in questo modo, lo Studio \u00e8 in grado di soddisfare le pi\u00f9 svariate istanze in materia di diritto commerciale, societario, amministrativo, immobiliare, civile, familiare e di legge sulla privacy e protezione dei dati personali. Pi\u00f9 di recente, l&#8217;avvocato Andrea Mascetti si \u00e8 interessato in maniera particolare al Decreto Legislativo 231, riguardante la responsabilit\u00e0 amministrativa degli enti, portando la sua esperienza nei vari Organismi di Vigilanza di cui fa parte, ricoprendo per alcuni di essi la carica di Presidente.<\/p>\n<p><em><strong>Per rimanere aggiornato sulle attivit\u00e0 professionali dell&#8217;avvocato <a title=\"Andrea Mascetti - Profilo Professionisti e Aziende\" href=\"http:\/\/www.professionistieaziende.it\/andrea_mascetti\/andrea_mascetti.php\">Andrea Mascetti<\/a>, visita il suo profilo su Professionisti e Aziende.<\/strong><\/em><\/p>\n","protected":false},"excerpt":{"rendered":"<p>Andrea Mascetti, avvocato varesino con un background di collaborazioni illustri, tra cui quella con lo Studio Associato Legale Tributario (SALT) affiliato a Ernst &amp; Young, fonda nel 2004 lo Studio Legale Mascetti, col quale offre servizi di consulenza in materia di diritto civile, amministrativo e penale. L&#8217;Avvocato Andrea Mascetti e la sua carriera professionale Classe [&hellip;]<\/p>\n","protected":false},"author":40,"featured_media":0,"comment_status":"open","ping_status":"open","sticky":false,"template":"","format":"standard","meta":{"footnotes":""},"categories":[11],"tags":[],"class_list":["post-9783","post","type-post","status-publish","format-standard","hentry","category-lavoro"],"_links":{"self":[{"href":"https:\/\/www.area-press.eu\/comunicatistampa\/wp-json\/wp\/v2\/posts\/9783","targetHints":{"allow":["GET"]}}],"collection":[{"href":"https:\/\/www.area-press.eu\/comunicatistampa\/wp-json\/wp\/v2\/posts"}],"about":[{"href":"https:\/\/www.area-press.eu\/comunicatistampa\/wp-json\/wp\/v2\/types\/post"}],"author":[{"embeddable":true,"href":"https:\/\/www.area-press.eu\/comunicatistampa\/wp-json\/wp\/v2\/users\/40"}],"replies":[{"embeddable":true,"href":"https:\/\/www.area-press.eu\/comunicatistampa\/wp-json\/wp\/v2\/comments?post=9783"}],"version-history":[{"count":1,"href":"https:\/\/www.area-press.eu\/comunicatistampa\/wp-json\/wp\/v2\/posts\/9783\/revisions"}],"predecessor-version":[{"id":9786,"href":"https:\/\/www.area-press.eu\/comunicatistampa\/wp-json\/wp\/v2\/posts\/9783\/revisions\/9786"}],"wp:attachment":[{"href":"https:\/\/www.area-press.eu\/comunicatistampa\/wp-json\/wp\/v2\/media?parent=9783"}],"wp:term":[{"taxonomy":"category","embeddable":true,"href":"https:\/\/www.area-press.eu\/comunicatistampa\/wp-json\/wp\/v2\/categories?post=9783"},{"taxonomy":"post_tag","embeddable":true,"href":"https:\/\/www.area-press.eu\/comunicatistampa\/wp-json\/wp\/v2\/tags?post=9783"}],"curies":[{"name":"wp","href":"https:\/\/api.w.org\/{rel}","templated":true}]}}