{"id":9729,"date":"2016-05-14T20:48:19","date_gmt":"2016-05-14T18:48:19","guid":{"rendered":"http:\/\/www.area-press.eu\/comunicatistampa\/?p=9729"},"modified":"2016-05-14T20:48:19","modified_gmt":"2016-05-14T18:48:19","slug":"il-passaggio-dallo-spettacolo-al-mare-di-raffaello-orselli","status":"publish","type":"post","link":"https:\/\/www.area-press.eu\/comunicatistampa\/2016\/05\/14\/il-passaggio-dallo-spettacolo-al-mare-di-raffaello-orselli\/","title":{"rendered":"Il passaggio dallo spettacolo al mare di Raffaello Orselli"},"content":{"rendered":"<p><em><strong>I dettagli del percorso professionale di <a title=\"Raffaello Orselli - About Me\" href=\"https:\/\/about.me\/RaffaelloOrselli\">Raffaello Orselli<\/a>, importante esponente del mondo di moda e spettacolo, che in tempi recenti decide di eleggere la propria passione per il mare a totale scelta di vita.<\/strong><br \/>\n<\/em><\/p>\n<p><a title=\"Raffaello Orselli - About Me\" href=\"https:\/\/about.me\/RaffaelloOrselli\"><img loading=\"lazy\" decoding=\"async\" src=\"http:\/\/www.h2biz.eu\/public\/min_12588-i-raffaello%20orselli.jpg\" alt=\"Raffaello Orselli - Comandante Yacht\" width=\"438\" height=\"469\" \/><\/a><\/p>\n<h2>Raffaello Orselli e le prime attivit\u00e0 professionali<\/h2>\n<p>Originario di Piombino, <strong>Raffaello Orselli<\/strong> nasce in Toscana nel 1967 compiendo in quello stesso territorio i primi passi di una carriera nel mondo della moda e dello spettacolo, sfilando sulle passerelle del fiorentino Pitti Uomo nel periodo che intercorre tra il 1985 e il 1990, posando anche in qualit\u00e0 di ragazzo immagine in rinomati esercizi di intrattenimento in differenti zone del territorio italiano. Posizionatosi ai primi posti di numerosi concorsi di bellezza, ottiene riscontri positivi che gli consentono di entrare nel mondo del cinema, guadagnando la partecipazione a lungometraggi quali &#8220;Tre&#8221; girato nel 1996 da Christian De Sica e &#8220;Tobia al Caff\u00e8&#8221; diretto da Gianfranco Mingozzi nel 2000. Nel 2003 entra far parte del reality show de &#8220;Il Grande Fratello&#8221;, riuscendo a rimanere in gara per oltre un mese. L&#8217;apparizione sul piccolo schermo gli assicura una larga notoriet\u00e0, ricevendo di conseguenza inviti per la partecipazione a importanti trasmissioni televisive. Oltre alle ospitate in qualit\u00e0 di partecipante esterno, <strong>Raffaello Orselli<\/strong> viene posto inoltre alla co-conduzione del programma &#8220;Viaggi e Villaggi&#8221;, andato in onda nel 2004, dove si distingue per la sua conoscenza e preparazione tecnica in materia di vita mare.<\/p>\n<h2>Raffaello Orselli sceglie il mare<\/h2>\n<p>La vita di mare \u00e8 quella condotta attualmente da <strong>Raffaello Orselli<\/strong>, il quale coltiva tale passione sin dalla tenera et\u00e0, conseguendo la patente nautica in qualit\u00e0 di Comandante da Diporto nel 1998. Vissuta quale attivit\u00e0 parallela agli impegni dedicati allo show business, tale passione diviene in tempi recenti la principale occupazione del professionista toscano, il quale esercita attualmente la professione di comandante di yacht, usufruendo in particolare di quelli di lusso come gli esemplari prodotti dal Cantiere Sanlorenzo con il quale stipula una fitta collaborazione. <strong>Raffaello Orselli<\/strong> solca oggi i mari italiani pi\u00f9 belli, partecipando occasionalmente anche a importanti regate.<\/p>\n<p><strong><em>Informazioni pi\u00f9 dettagliate riguardo a <a title=\"Raffaello Orselli - About Me\" href=\"https:\/\/about.me\/RaffaelloOrselli\">Raffaello Orselli<\/a> sul profilo About Me.<\/em><\/strong><\/p>\n","protected":false},"excerpt":{"rendered":"<p>I dettagli del percorso professionale di Raffaello Orselli, importante esponente del mondo di moda e spettacolo, che in tempi recenti decide di eleggere la propria passione per il mare a totale scelta di vita. Raffaello Orselli e le prime attivit\u00e0 professionali Originario di Piombino, Raffaello Orselli nasce in Toscana nel 1967 compiendo in quello stesso [&hellip;]<\/p>\n","protected":false},"author":40,"featured_media":0,"comment_status":"open","ping_status":"open","sticky":false,"template":"","format":"standard","meta":{"footnotes":""},"categories":[18],"tags":[],"class_list":["post-9729","post","type-post","status-publish","format-standard","hentry","category-altri-vari"],"_links":{"self":[{"href":"https:\/\/www.area-press.eu\/comunicatistampa\/wp-json\/wp\/v2\/posts\/9729","targetHints":{"allow":["GET"]}}],"collection":[{"href":"https:\/\/www.area-press.eu\/comunicatistampa\/wp-json\/wp\/v2\/posts"}],"about":[{"href":"https:\/\/www.area-press.eu\/comunicatistampa\/wp-json\/wp\/v2\/types\/post"}],"author":[{"embeddable":true,"href":"https:\/\/www.area-press.eu\/comunicatistampa\/wp-json\/wp\/v2\/users\/40"}],"replies":[{"embeddable":true,"href":"https:\/\/www.area-press.eu\/comunicatistampa\/wp-json\/wp\/v2\/comments?post=9729"}],"version-history":[{"count":1,"href":"https:\/\/www.area-press.eu\/comunicatistampa\/wp-json\/wp\/v2\/posts\/9729\/revisions"}],"predecessor-version":[{"id":9730,"href":"https:\/\/www.area-press.eu\/comunicatistampa\/wp-json\/wp\/v2\/posts\/9729\/revisions\/9730"}],"wp:attachment":[{"href":"https:\/\/www.area-press.eu\/comunicatistampa\/wp-json\/wp\/v2\/media?parent=9729"}],"wp:term":[{"taxonomy":"category","embeddable":true,"href":"https:\/\/www.area-press.eu\/comunicatistampa\/wp-json\/wp\/v2\/categories?post=9729"},{"taxonomy":"post_tag","embeddable":true,"href":"https:\/\/www.area-press.eu\/comunicatistampa\/wp-json\/wp\/v2\/tags?post=9729"}],"curies":[{"name":"wp","href":"https:\/\/api.w.org\/{rel}","templated":true}]}}