{"id":958,"date":"2015-07-31T15:25:04","date_gmt":"2015-07-31T13:25:04","guid":{"rendered":"http:\/\/www.area-press.eu\/comunicatistampa\/?p=958"},"modified":"2015-07-31T15:25:04","modified_gmt":"2015-07-31T13:25:04","slug":"la-sicurezza-della-tua-casa-e-in-tasca-grazie-alle-nuove-centrali-di-allarme-avidsen-e-allapp-avidsen-security","status":"publish","type":"post","link":"https:\/\/www.area-press.eu\/comunicatistampa\/2015\/07\/31\/la-sicurezza-della-tua-casa-e-in-tasca-grazie-alle-nuove-centrali-di-allarme-avidsen-e-allapp-avidsen-security\/","title":{"rendered":"La sicurezza della tua casa \u00e8 in tasca grazie alle nuove centrali di allarme Avidsen  e all\u2019app Avidsen Security"},"content":{"rendered":"<p>La sicurezza all\u2019interno della propria casa \u00e8 fondamentale specialmente durante l\u2019estate, stagione in cui si concentra la maggior parte delle vacanze e anche la pi\u00f9 alta percentuale di furti rispetto agli altri periodi dell\u2019anno. <a href=\"http:\/\/www.avidsenstore.it\"><strong>Avidsen<\/strong><\/a>, azienda che concepisce, sviluppa e commercializza sistemi elettronici e digitali innovativi e di semplice utilizzo, propone <strong>due nuovi kit di allarme<\/strong> facili da installare, configurare e controllare per venire incontro alle richieste di maggior sicurezza e protezione degli ambienti domestici.<\/p>\n<p><strong>Avidsen Kit Centrale Allarme COMBO<\/strong><\/p>\n<p>Il <a href=\"http:\/\/www.avidsenstore.it\/produit.asp?Ref=100720\">Kit Centrale Allarme COMBO<\/a> \u00e8 una centralina che pu\u00f2 essere controllata tramite telecomando, identificazioni a frequenze radio (tag RFID), tastiera wireless e tastiera sul pannello di controllo della centrale, nonch\u00e9 addirittura via telefono o smartphone, tramite SMS, chiamata e App iOS\/Android. La centralina \u00e8 semplice da installare e configurare, e ben si adatta a ogni contesto abitativo. Pu\u00f2 gestire oltre 150 accessori wireless tra rilevatori di movimento, sensori porte e\/o finestre, sirene interne ed esterne, telecamere IP, telecomandi e tag RFID. <strong><em>Prezzo: 289 euro<\/em><\/strong><\/p>\n<p>&nbsp;<\/p>\n<p><strong>Avidsen Kit Centrale Allarme wireless con combinatore GSM<\/strong><\/p>\n<p>L\u2019altra novit\u00e0 di Avidsen in tema di sicurezza domestica \u00e8 il <strong>Kit Centrale Allarme wireless con combinatore GSM<\/strong>, controllabile tramite telecomando, tastiera wireless e, come il kit precedente, anche attraverso telefono o smartphone, tramite SMS, chiamata e App iOS\/Android. Questo kit, completo e funzionale, \u00e8 composto di base da una centralina armabile totalmente o parzialmente, un rilevatore di movimento, un contatto magnetico e due telecomandi. <strong><em>Disponibile da ottobre 2015.<\/em><\/strong><\/p>\n<p><strong>\u00a0<\/strong><\/p>\n<p><strong>Avidsen Security app<\/strong><\/p>\n<p>Sviluppata dal comparto Ricerca e Sviluppo di Avidsen, l\u2019app <strong>Avidsen Security<\/strong>, disponibile in pi\u00f9 lingue sia per iOS che per Android, \u00e8 un&#8217;applicazione per dispositivi mobili che consente la gestione di tutte le funzioni delle centrali di allarme anti-intrusione Avidsen della serie Skydda.<\/p>\n<p>L\u2019app non richiede particolari connessioni remote in quanto si basa su <strong>tecnologia GSM,<\/strong> n\u00e9 necessita fasi di registrazione su server per poter essere utilizzata. Ci\u00f2 garantisce una maggiore affidabilit\u00e0 e la totale tutela della Privacy, componenti fondamentali per avere un controllo sicuro del proprio sistema di allarme.<\/p>\n<p>L\u2019uso dell\u2019App \u00e8 molto intuitivo; l\u2019interfaccia grafica e la guida presente agevolano tutte le operazioni per interagire con il sistema. \u00c8 possibile armare la centrale in modalit\u00e0 parziale o totale, disarmarla, verificarne lo stato, impostare vari settaggi (numeri di telefono\/SMS per ottenere i feedback in caso di allarme, rinominare i sensori, impostare la sirena, il codice utente, ecc), interagire con la telecamera per visualizzare l\u2019ambiente monitorato e comunicare con esso grazie al controllo audio bi-direzionale.<\/p>\n<p><strong>\u00a0<\/strong><\/p>\n<p><strong>Per chi vuole di pi\u00f9\u2026<\/strong><\/p>\n<p>&nbsp;<\/p>\n<p>Entrambi i kit Avidsen sono compatibili con una vasta gamma di <strong>accessori wireless complementari aggiuntivi <\/strong>(oltre 100) \u2013 tra cui sensori con portata di 100 m e distanza di rilevazione di 8 m, telecomandi, sirene indoor, batterie, tastiere e tag RFID &#8211;\u00a0 che li rendono ancora pi\u00f9 completi, efficaci e capaci di soddisfare ciascuna specifica esigenza di sicurezza.<\/p>\n<p>&nbsp;<\/p>\n<p>I nuovi <strong>Kit <\/strong><strong>Centrale Allarme COMBO <\/strong>e <strong>Kit Centrale Allarme wireless con combinatore GSM<\/strong> sono disponibile sul sito di e-commerce <a href=\"http:\/\/www.avidsenstore.it\">www.avidsenstore.it<\/a> e presso i migliori negozi dedicati all\u2019elettronica, al bricolage e al fai da te, tra cui i principali <strong>Leroy Merlin, OBI, Self, Bricocenter, Brico Io, Bricofer <\/strong>e<strong> Brico Ok<\/strong>.<\/p>\n<p>&nbsp;<\/p>\n<p>&nbsp;<\/p>\n<p><strong>***<\/strong><\/p>\n<p><strong>Segui Avidsen:<\/strong><\/p>\n<p><strong>Web<\/strong>\u00a0 www.avidsenstore.it<\/p>\n<p><strong>Facebook<\/strong> www.facebook.com\/AvidsenItalia<\/p>\n<p><strong>Twitter <\/strong>https:\/\/twitter.com\/AvidsenIT<\/p>\n<p><strong>***<\/strong><\/p>\n<p><strong><em>Informazioni su Avidsen<\/em><\/strong><\/p>\n<p><em>PMI francese, presente in Italia con la sua filiale di Santo Stefano Ticino (MI), Avidsen concepisce, sviluppa e commercializza sistemi elettronici e digitali innovativi, di semplice utilizzo per la casa. Dopo essere stati pionieri, sin dalla sua creazione nel 1998, nel campo delle motorizzazioni per cancello, \u00e8 divenuta oggi un punto di riferimento nel campo della domotica e fornisce i propri prodotti sia a distributori che al mercato della grande distribuzione Bricolage. Avidsen detiene anche le licenza del marchio Thomson\u00a0 in Europa per l\u2019insieme delle gamme sicurezza (allarmi, videosorveglianza, videocitofonia) e\u00a0 domotica, proposti sotto il marchio Thomson).<\/em><\/p>\n","protected":false},"excerpt":{"rendered":"<p>La sicurezza all\u2019interno della propria casa \u00e8 fondamentale specialmente durante l\u2019estate, stagione in cui si concentra la maggior parte delle vacanze e anche la pi\u00f9 alta percentuale di furti rispetto agli altri periodi dell\u2019anno. Avidsen, azienda che concepisce, sviluppa e commercializza sistemi elettronici e digitali innovativi e di semplice utilizzo, propone due nuovi kit di [&hellip;]<\/p>\n","protected":false},"author":88,"featured_media":0,"comment_status":"open","ping_status":"open","sticky":false,"template":"","format":"standard","meta":{"footnotes":""},"categories":[18],"tags":[915,786,917,916],"class_list":["post-958","post","type-post","status-publish","format-standard","hentry","category-altri-vari","tag-avidsen","tag-sicurezza","tag-sorveglianza","tag-videocamera"],"_links":{"self":[{"href":"https:\/\/www.area-press.eu\/comunicatistampa\/wp-json\/wp\/v2\/posts\/958","targetHints":{"allow":["GET"]}}],"collection":[{"href":"https:\/\/www.area-press.eu\/comunicatistampa\/wp-json\/wp\/v2\/posts"}],"about":[{"href":"https:\/\/www.area-press.eu\/comunicatistampa\/wp-json\/wp\/v2\/types\/post"}],"author":[{"embeddable":true,"href":"https:\/\/www.area-press.eu\/comunicatistampa\/wp-json\/wp\/v2\/users\/88"}],"replies":[{"embeddable":true,"href":"https:\/\/www.area-press.eu\/comunicatistampa\/wp-json\/wp\/v2\/comments?post=958"}],"version-history":[{"count":1,"href":"https:\/\/www.area-press.eu\/comunicatistampa\/wp-json\/wp\/v2\/posts\/958\/revisions"}],"predecessor-version":[{"id":959,"href":"https:\/\/www.area-press.eu\/comunicatistampa\/wp-json\/wp\/v2\/posts\/958\/revisions\/959"}],"wp:attachment":[{"href":"https:\/\/www.area-press.eu\/comunicatistampa\/wp-json\/wp\/v2\/media?parent=958"}],"wp:term":[{"taxonomy":"category","embeddable":true,"href":"https:\/\/www.area-press.eu\/comunicatistampa\/wp-json\/wp\/v2\/categories?post=958"},{"taxonomy":"post_tag","embeddable":true,"href":"https:\/\/www.area-press.eu\/comunicatistampa\/wp-json\/wp\/v2\/tags?post=958"}],"curies":[{"name":"wp","href":"https:\/\/api.w.org\/{rel}","templated":true}]}}