{"id":9546,"date":"2016-04-26T22:44:26","date_gmt":"2016-04-26T20:44:26","guid":{"rendered":"http:\/\/www.area-press.eu\/comunicatistampa\/?p=9546"},"modified":"2016-04-26T22:44:26","modified_gmt":"2016-04-26T20:44:26","slug":"gf-avesani-luca-in-partenza-domenica-da-verona-ultimi-giorni-per-beneficiare-del-pacco-gara","status":"publish","type":"post","link":"https:\/\/www.area-press.eu\/comunicatistampa\/2016\/04\/26\/gf-avesani-luca-in-partenza-domenica-da-verona-ultimi-giorni-per-beneficiare-del-pacco-gara\/","title":{"rendered":"GF AVESANI LUCA IN PARTENZA DOMENICA DA VERONA, ULTIMI GIORNI PER BENEFICIARE DEL PACCO GARA"},"content":{"rendered":"<p>A Verona la GranFondo Avesani Luca del 1\u00b0 maggio<\/p>\n<p>Promozioni e pacco gara fino al 28 aprile<\/p>\n<p>Quote agevolate per i partecipanti al Giro dei Tre Laghi<\/p>\n<p>Percorsi di 90 km e 1600 metri di dislivello e 120 km e 2400 metri di dislivello<\/p>\n<p>&nbsp;<\/p>\n<p>&nbsp;<\/p>\n<p>Mastini della bicicletta pronti ad \u2018azzannare\u2019 la GranFondo Avesani Luca di domenica 1\u00b0 maggio, una gara dal fascino particolare, poich\u00e9 attraverser\u00e0 le bellezze pi\u00f9 intense dei paesaggi scaligeri, a cominciare dalla partenza scenografica al cospetto dell\u2019Arena di Verona, una competizione agonistica \u2018marchiata\u2019 e supervisionata dalla \u2018mano fatata\u2019 del Pastificio Avesani, che ha affidato e consegnato le \u2018chiavi\u2019 della manifestazione ad Asd Giomas in collaborazione con Asd Avesani Bike.<\/p>\n<p>Nonostante la gara sia oramai imminente la possibilit\u00e0 di partecipare \u00e8 ancora aperta, i cicloamatori avranno tempo fino al 28 aprile per sfruttare la quota di 25 euro con l\u2019aggiunta di 10 euro al momento del ritiro del pettorale, un\u2019offerta comprensiva per l\u2019ultima volta del \u2018pacco gara\u2019 della manifestazione, composto da due confezioni di tortellini Avesani, vini della Cantina Farina della Valpolicella, terra di passaggio della GranFondo Avesani Luca, olio d\u2019oliva Redoro della Valpantena, patatine Pata, prodotti MG.K Vis ed un ingresso nella zona wellness dei centri Bernstein, una struttura completa per quanto riguarda il settore fitness e della salute, attraverso la realizzazione di programmi personalizzati per ogni utente.<\/p>\n<p>A disposizione anche assistenza medica e meccanica, rifornimenti e ristoro finale, con il Pastificio Avesani nuovamente protagonista ed \u2018attivo\u2019 anche al termine della gara dedicata alla memoria di Luca Avesani, con il \u2018pasta party\u2019 allestito per l\u2019occasione al Palazzo della Gran Guardia, a pochi passi dall\u2019arrivo.<\/p>\n<p>Un marchio dall\u2019enorme successo, che sforna per famiglie e golosi tortellini \u201cclassici\u201d, \u201ctesori della tradizione\u201d, \u201cgran ripieni gold\u201d, \u201cpasta di Ave\u201d fra tagliatelle, cappelletti, bigoli, spaghetti e fettuccine, oltre a tanti altri prodotti che ne hanno fatto un brand d\u2019eccellenza dal 1951 (anno di fondazione) ad oggi, fino a raggiungere l\u2019attuale produzione di circa 15.000 quintali di tortellini e pasta fresca.<\/p>\n<p>Le promozioni non sono finite qui, tutti coloro che hanno partecipato al Giro dei Tre Laghi potranno beneficiare della quota esclusiva di 25 euro per partecipare alla GranFondo Avesani Luca e, portando con s\u00e9 un amico o un\u2019amica, la quota fra i due sar\u00e0 di 40 euro totali rispetto ai 70 euro previsti con la \u2018normale\u2019 iscrizione, anch\u2019essa valida fino al 28 aprile.<\/p>\n<p>I percorsi del contest ciclistico del Pastificio Avesani saranno un \u2018classico\u2019 di 90 km e 1600 metri di dislivello ed un \u2018superiore\u2019 di 120 km e 2400 metri di dislivello, nomi che rimandano ai vini DOC della Valpolicella.<\/p>\n<p>I due tracciati coincideranno sino al 70\u00b0 chilometro, prima di dividersi e ricongiungersi successivamente sulla discesa che porter\u00e0 in Valpantena, per poi ritrovarsi tutti assieme in Piazza Br\u00e0, d\u2019innanzi alla magnificenza dell\u2019anfiteatro romano dell\u2019Arena di Verona.<\/p>\n<p>Info: <a href=\"http:\/\/www.granfondoavesaniluca.com\/\">www.granfondoavesaniluca.com<\/a><\/p>\n<p>&nbsp;<\/p>\n","protected":false},"excerpt":{"rendered":"<p>A Verona la GranFondo Avesani Luca del 1\u00b0 maggio Promozioni e pacco gara fino al 28 aprile Quote agevolate per i partecipanti al Giro dei Tre Laghi Percorsi di 90 km e 1600 metri di dislivello e 120 km e 2400 metri di dislivello &nbsp; &nbsp; Mastini della bicicletta pronti ad \u2018azzannare\u2019 la GranFondo Avesani [&hellip;]<\/p>\n","protected":false},"author":15,"featured_media":0,"comment_status":"open","ping_status":"open","sticky":false,"template":"","format":"standard","meta":{"footnotes":""},"categories":[15],"tags":[],"class_list":["post-9546","post","type-post","status-publish","format-standard","hentry","category-sport"],"_links":{"self":[{"href":"https:\/\/www.area-press.eu\/comunicatistampa\/wp-json\/wp\/v2\/posts\/9546","targetHints":{"allow":["GET"]}}],"collection":[{"href":"https:\/\/www.area-press.eu\/comunicatistampa\/wp-json\/wp\/v2\/posts"}],"about":[{"href":"https:\/\/www.area-press.eu\/comunicatistampa\/wp-json\/wp\/v2\/types\/post"}],"author":[{"embeddable":true,"href":"https:\/\/www.area-press.eu\/comunicatistampa\/wp-json\/wp\/v2\/users\/15"}],"replies":[{"embeddable":true,"href":"https:\/\/www.area-press.eu\/comunicatistampa\/wp-json\/wp\/v2\/comments?post=9546"}],"version-history":[{"count":1,"href":"https:\/\/www.area-press.eu\/comunicatistampa\/wp-json\/wp\/v2\/posts\/9546\/revisions"}],"predecessor-version":[{"id":9547,"href":"https:\/\/www.area-press.eu\/comunicatistampa\/wp-json\/wp\/v2\/posts\/9546\/revisions\/9547"}],"wp:attachment":[{"href":"https:\/\/www.area-press.eu\/comunicatistampa\/wp-json\/wp\/v2\/media?parent=9546"}],"wp:term":[{"taxonomy":"category","embeddable":true,"href":"https:\/\/www.area-press.eu\/comunicatistampa\/wp-json\/wp\/v2\/categories?post=9546"},{"taxonomy":"post_tag","embeddable":true,"href":"https:\/\/www.area-press.eu\/comunicatistampa\/wp-json\/wp\/v2\/tags?post=9546"}],"curies":[{"name":"wp","href":"https:\/\/api.w.org\/{rel}","templated":true}]}}