{"id":9527,"date":"2016-04-26T22:44:25","date_gmt":"2016-04-26T20:44:25","guid":{"rendered":"http:\/\/www.area-press.eu\/comunicatistampa\/?p=9527"},"modified":"2018-10-28T18:56:16","modified_gmt":"2018-10-28T17:56:16","slug":"alessia-arena-vince-la-dodicesima-edizione-del-premio-poggio-bustone-a-nico-maraja-il-premio-personalita-artistica","status":"publish","type":"post","link":"https:\/\/www.area-press.eu\/comunicatistampa\/2016\/04\/26\/alessia-arena-vince-la-dodicesima-edizione-del-premio-poggio-bustone-a-nico-maraja-il-premio-personalita-artistica\/","title":{"rendered":"Alessia Arena vince la dodicesima edizione del Premio Poggio Bustone. A Nico Maraja il Premio Personalit\u00e0 Artistica"},"content":{"rendered":"<p><span style=\"font-weight: 400\">Rieti, Teatro Flavio Vespasiano: Alessia Arena si \u00e8 aggiudicata con <\/span><i><span style=\"font-weight: 400\">Malacattiva <\/span><\/i><span style=\"font-weight: 400\">il primo premio della dodicesima edizione del <\/span><a href=\"http:\/\/www.premiopoggiobustone.it\/\"><b>Premio Poggio Bustone<\/b><\/a><span style=\"font-weight: 400\">. Al secondo posto Livio Livrea, mentre la terza classificata \u00e8 Cristiana Verardo. Il Premio Personalit\u00e0 Artistica \u00e8 andato a Nico Maraja a cui \u00e8 andato anche il premio per la miglior cover. \u201cUn\u2019edizione veramente particolare: abbiamo cambiato periodo, da settembre ad aprile. Abbiamo cambiato location: dopo anni di freddo e di pioggia, siamo riusciti a portare i nostri artisti in questo splendido e raffinato spazio teatrale. Insomma tanti cambiamenti e tanta soddisfazione.\u201d Questo il commento di Maria Luisa Lafiandra, direttore artistico del Festival che ha anche, come tradizione, presentato la serata.\u00a0<\/span><span style=\"font-weight: 400\">Ha aperto la serata Simone Cocciglia, vincitore della Premio Poggio Bustone 2013, con il suo inedito La pozzanghera.\u00a0<\/span><span style=\"font-weight: 400\">Ospite d\u2019onore invece Anonimo Italiano che ha chiuso la serata con la sua interpretazione di Emozioni.\u00a0<\/span><span style=\"font-weight: 400\">Ricordiamo che ai primi classificati andr\u00e0 una giornata di registrazione presso i <\/span><b>Forward Studios<\/b><span style=\"font-weight: 400\">, ai secondi sei mesi di promozione offerti da<\/span> <span style=\"font-weight: 400\">4Arts Spettacolo e Lavoro<\/span><span style=\"font-weight: 400\"> sul portale. Infine, ai terzi classificati il negozio di strumenti musicali<\/span> <span style=\"font-weight: 400\">Musicisti di Rieti<\/span><span style=\"font-weight: 400\"> offrir\u00e0 materiali musicali per il valore di trecento euro.\u00a0<\/span><span style=\"font-weight: 400\">Il Premio alla Personalit\u00e0 Artistica consister\u00e0, invece, in un servizio di promozione stampa di sei mesi messo a disposizione grazie ad una borsa di studio offerta dalla <\/span><span style=\"font-weight: 400\">Fondazione Varrone<\/span><span style=\"font-weight: 400\">: un riconoscimento pensato per valorizzare la complessit\u00e0 artistica di un artista, con le sue qualit\u00e0 musicali, artistiche, letterarie ed interpretative. E per dare loro, quindi, la giusta visibilit\u00e0.\u00a0<\/span><span style=\"font-weight: 400\">Alla giovane Maria Flavia Zannetti, diciasettenne di Rieti, \u00e8 andato invece il riconoscimento Promessa Premio Poggio Bustone 2016.<\/span><\/p>\n","protected":false},"excerpt":{"rendered":"<p>Rieti, Teatro Flavio Vespasiano: Alessia Arena si \u00e8 aggiudicata con Malacattiva il primo premio della dodicesima edizione del Premio Poggio Bustone. Al secondo posto Livio Livrea, mentre la terza classificata \u00e8 Cristiana Verardo. Il Premio Personalit\u00e0 Artistica \u00e8 andato a Nico Maraja a cui \u00e8 andato anche il premio per la miglior cover. \u201cUn\u2019edizione veramente [&hellip;]<\/p>\n","protected":false},"author":864,"featured_media":0,"comment_status":"open","ping_status":"open","sticky":false,"template":"","format":"standard","meta":{"footnotes":""},"categories":[3,12],"tags":[7150,7149,7148],"class_list":["post-9527","post","type-post","status-publish","format-standard","hentry","category-arte-e-cultura","category-musica","tag-alessia-arena","tag-malacattiva","tag-poggio-bustone"],"_links":{"self":[{"href":"https:\/\/www.area-press.eu\/comunicatistampa\/wp-json\/wp\/v2\/posts\/9527","targetHints":{"allow":["GET"]}}],"collection":[{"href":"https:\/\/www.area-press.eu\/comunicatistampa\/wp-json\/wp\/v2\/posts"}],"about":[{"href":"https:\/\/www.area-press.eu\/comunicatistampa\/wp-json\/wp\/v2\/types\/post"}],"author":[{"embeddable":true,"href":"https:\/\/www.area-press.eu\/comunicatistampa\/wp-json\/wp\/v2\/users\/864"}],"replies":[{"embeddable":true,"href":"https:\/\/www.area-press.eu\/comunicatistampa\/wp-json\/wp\/v2\/comments?post=9527"}],"version-history":[{"count":3,"href":"https:\/\/www.area-press.eu\/comunicatistampa\/wp-json\/wp\/v2\/posts\/9527\/revisions"}],"predecessor-version":[{"id":35794,"href":"https:\/\/www.area-press.eu\/comunicatistampa\/wp-json\/wp\/v2\/posts\/9527\/revisions\/35794"}],"wp:attachment":[{"href":"https:\/\/www.area-press.eu\/comunicatistampa\/wp-json\/wp\/v2\/media?parent=9527"}],"wp:term":[{"taxonomy":"category","embeddable":true,"href":"https:\/\/www.area-press.eu\/comunicatistampa\/wp-json\/wp\/v2\/categories?post=9527"},{"taxonomy":"post_tag","embeddable":true,"href":"https:\/\/www.area-press.eu\/comunicatistampa\/wp-json\/wp\/v2\/tags?post=9527"}],"curies":[{"name":"wp","href":"https:\/\/api.w.org\/{rel}","templated":true}]}}