{"id":9524,"date":"2016-04-26T22:45:51","date_gmt":"2016-04-26T20:45:51","guid":{"rendered":"http:\/\/www.area-press.eu\/comunicatistampa\/?p=9524"},"modified":"2016-04-26T22:45:51","modified_gmt":"2016-04-26T20:45:51","slug":"cori-camminare-rivoluzione-incontro-adriano-labbucci","status":"publish","type":"post","link":"https:\/\/www.area-press.eu\/comunicatistampa\/2016\/04\/26\/cori-camminare-rivoluzione-incontro-adriano-labbucci\/","title":{"rendered":"Cori: \u2018Camminare, una rivoluzione\u2019. Incontro con Adriano Labbucci"},"content":{"rendered":"<p><strong>Quinto appuntamento con il ciclo \u2018Confessioni di uno scrittore\u2019, l\u2019iniziativa organizzata dalla Libreria \u2018Voland\u2019 di Cisterna di Latina, in collaborazione con l\u2019Associazione culturale \u2018Arcadia\u2019 e il Comune di Cori.<\/strong><strong> Sabato 30 Aprile, alle 17:30, la Biblioteca Comunale di Cori \u2018Elio Filippo Accrocca\u2019 accoglier\u00e0 Adriano Labbucci, autore del libro <em>\u2018Camminare, una rivoluzione\u2019<\/em> (Donzelli).<\/strong><\/p>\n<p>\u00abNon c\u2019\u00e8 nulla di pi\u00f9 sovversivo, di pi\u00f9 alternativo al modo di pensare oggi dominante. <strong>Camminare<\/strong> \u00e8 una modalit\u00e0 del pensiero. \u00c8 un pensiero pratico. <strong>\u00c8 un triplo movimento<\/strong>: non farci mettere fretta; accogliere il mondo; non dimenticarci di noi, strada facendo\u00bb. Cos\u00ec Adriano Labbucci introduce il pubblico alla lettura del suo volume.<\/p>\n<p>Il <strong>camminare \u00e8 una bussola<\/strong> per percorrere un paesaggio insieme geografico e mentale, alla ricerca di punti di riferimento, alla scoperta di un modo diverso per impostare il rapporto con gli altri e con il mondo circostante, in un tempo in cui non solo si sta perdendo la bussola, ma il camminare \u00e8 un\u2019attivit\u00e0 ormai poco praticata e spesso guardata anche con sospetto e fastidio.<\/p>\n<p>Pagina dopo pagina si scoprir\u00e0 che <strong>camminare vuol dire pensare<\/strong>. \u00c8 un modo per ragionare di libert\u00e0, di uguaglianza, di resistenza, di progresso, di bellezza e di tante altre cose ancora. L\u2019opera racconta di pensieri, idee, categorie, miti. E di persone che camminando ci hanno aiutato a comprendere meglio il mondo e noi stessi. Senza farci risucchiare dai ritmi frenetici della nostra vita.<\/p>\n<p><strong>Adriano Labbucci<\/strong> ricorda di aver sempre camminato, avendo presto appreso che, come dicevano gli antichi, solvitur ambulando (camminando si risolve). Nel 2007, come Presidente del Consiglio provinciale di Roma, ha dato vita a 3 giorni di incontri e vagabondaggi, attraversando la capitale con Erri De Luca, Giuseppe Cederna, Duccio Demetrio, Antonio Gnoli e altri. E siccome i piedi sollecitano pensieri e domande, li ha raccolti in questo saggio.<\/p>\n","protected":false},"excerpt":{"rendered":"<p>Quinto appuntamento con il ciclo \u2018Confessioni di uno scrittore\u2019, l\u2019iniziativa organizzata dalla Libreria \u2018Voland\u2019 di Cisterna di Latina, in collaborazione con l\u2019Associazione culturale \u2018Arcadia\u2019 e il Comune di Cori. Sabato 30 Aprile, alle 17:30, la Biblioteca Comunale di Cori \u2018Elio Filippo Accrocca\u2019 accoglier\u00e0 Adriano Labbucci, autore del libro \u2018Camminare, una rivoluzione\u2019 (Donzelli). \u00abNon c\u2019\u00e8 nulla [&hellip;]<\/p>\n","protected":false},"author":659,"featured_media":0,"comment_status":"open","ping_status":"open","sticky":false,"template":"","format":"standard","meta":{"footnotes":""},"categories":[8],"tags":[],"class_list":["post-9524","post","type-post","status-publish","format-standard","hentry","category-eventi"],"_links":{"self":[{"href":"https:\/\/www.area-press.eu\/comunicatistampa\/wp-json\/wp\/v2\/posts\/9524","targetHints":{"allow":["GET"]}}],"collection":[{"href":"https:\/\/www.area-press.eu\/comunicatistampa\/wp-json\/wp\/v2\/posts"}],"about":[{"href":"https:\/\/www.area-press.eu\/comunicatistampa\/wp-json\/wp\/v2\/types\/post"}],"author":[{"embeddable":true,"href":"https:\/\/www.area-press.eu\/comunicatistampa\/wp-json\/wp\/v2\/users\/659"}],"replies":[{"embeddable":true,"href":"https:\/\/www.area-press.eu\/comunicatistampa\/wp-json\/wp\/v2\/comments?post=9524"}],"version-history":[{"count":1,"href":"https:\/\/www.area-press.eu\/comunicatistampa\/wp-json\/wp\/v2\/posts\/9524\/revisions"}],"predecessor-version":[{"id":9525,"href":"https:\/\/www.area-press.eu\/comunicatistampa\/wp-json\/wp\/v2\/posts\/9524\/revisions\/9525"}],"wp:attachment":[{"href":"https:\/\/www.area-press.eu\/comunicatistampa\/wp-json\/wp\/v2\/media?parent=9524"}],"wp:term":[{"taxonomy":"category","embeddable":true,"href":"https:\/\/www.area-press.eu\/comunicatistampa\/wp-json\/wp\/v2\/categories?post=9524"},{"taxonomy":"post_tag","embeddable":true,"href":"https:\/\/www.area-press.eu\/comunicatistampa\/wp-json\/wp\/v2\/tags?post=9524"}],"curies":[{"name":"wp","href":"https:\/\/api.w.org\/{rel}","templated":true}]}}