{"id":9496,"date":"2016-04-26T11:18:37","date_gmt":"2016-04-26T09:18:37","guid":{"rendered":"http:\/\/www.area-press.eu\/comunicatistampa\/?p=9496"},"modified":"2016-04-26T11:18:37","modified_gmt":"2016-04-26T09:18:37","slug":"marco-carra-no-a-discariche-nelle-colline-moreniche","status":"publish","type":"post","link":"https:\/\/www.area-press.eu\/comunicatistampa\/2016\/04\/26\/marco-carra-no-a-discariche-nelle-colline-moreniche\/","title":{"rendered":"Marco Carra: no a discariche nelle colline moreniche"},"content":{"rendered":"<p style=\"text-align: justify\">Carra ha ripercorso tutta la vicenda sin dalla prima autorizzazione della Regione alla discarica di rifiuti nel 1997, poi bloccata dal Tar e dal Consiglio di Stato, ricordando che la \u201cProvincia di Mantova ha predisposto e inviato alla Regione, l\u201911 novembre 2015, la \u2018Relazione di dettaglio sullo stato di attuazione del Prgr \u2013 Aree idonee e non alla localizzazione degli impianti\u2019, in cui aveva chiesto di applicare il criterio escludente anzich\u00e9 penalizzante per la zona di ricarica degli acquiferi profondi relativamente alla costruzione di nuove discariche di rifiuti pericolosi e non, o varianti sostanziali a quelli esistenti che implichino consumo di suolo\u201d.<br \/>\nMa proprio su questo l\u2019assessore all\u2019Ambiente Terzi, che ha risposto alla question time, pur condividendo le preoccupazioni del territorio, ha detto che \u201cse le Province individuano le aree idonee, \u00e8 necessario che ci sia un\u2019attivazione forte e precisa che si fondi su criteri oggettivi, anche per resistere eventualmente nelle opportune sedi giudiziarie \u2013 riferisce Carra \u2013. Insomma, per l\u2019assessore non si pu\u00f2 indicare tutta la provincia come escludente, ma servono indicazioni pi\u00f9 circostanziate. E pur annunciando che le interlocuzioni proseguono, ha ribadito che il criterio non pu\u00f2 essere general generico per un\u2019intera zona, ma specifico\u201d.<br \/>\nInvece, per Carra \u00e8 proprio il contrario: \u201cDa un punto di vista tecnico queste zone dovrebbero essere generalmente escludenti e non penalizzanti, proprio in quanto zona di ricarica degli acquiferi profondi. A questo punto, spero che la vicenda si chiuda bene, vista anche la volont\u00e0 politica dell\u2019assessore. Perch\u00e9 \u00e8 giusto che Regione Lombardia sappia che la costruzione di questa nuova discarica non sta bene a tutti i cittadini e alle imprese del territorio, che operano soprattutto in campo agroalimentare e sarebbero fortemente a rischio per la presenza di una discarica di rifiuti speciali. Ma aldil\u00e0 delle mie convinzioni, colgo positivamente la volont\u00e0 di accoglimento delle integrazioni della Provincia che evidenzino le specificit\u00e0 e criticit\u00e0 della zona, che \u00e8 molto vasta, essendo interessati a queste falde 100mila mantovani. Questo aspetto pu\u00f2 essere davvero la pietra tombale sulle discariche di rifiuti alla Pirossina\u201d.<\/p>\n","protected":false},"excerpt":{"rendered":"<p>Carra ha ripercorso tutta la vicenda sin dalla prima autorizzazione della Regione alla discarica di rifiuti nel 1997, poi bloccata dal Tar e dal Consiglio di Stato, ricordando che la \u201cProvincia di Mantova ha predisposto e inviato alla Regione, l\u201911 novembre 2015, la \u2018Relazione di dettaglio sullo stato di attuazione del Prgr \u2013 Aree idonee [&hellip;]<\/p>\n","protected":false},"author":2860,"featured_media":0,"comment_status":"open","ping_status":"open","sticky":false,"template":"","format":"standard","meta":{"footnotes":""},"categories":[29],"tags":[],"class_list":["post-9496","post","type-post","status-publish","format-standard","hentry","category-comunicati"],"_links":{"self":[{"href":"https:\/\/www.area-press.eu\/comunicatistampa\/wp-json\/wp\/v2\/posts\/9496","targetHints":{"allow":["GET"]}}],"collection":[{"href":"https:\/\/www.area-press.eu\/comunicatistampa\/wp-json\/wp\/v2\/posts"}],"about":[{"href":"https:\/\/www.area-press.eu\/comunicatistampa\/wp-json\/wp\/v2\/types\/post"}],"author":[{"embeddable":true,"href":"https:\/\/www.area-press.eu\/comunicatistampa\/wp-json\/wp\/v2\/users\/2860"}],"replies":[{"embeddable":true,"href":"https:\/\/www.area-press.eu\/comunicatistampa\/wp-json\/wp\/v2\/comments?post=9496"}],"version-history":[{"count":1,"href":"https:\/\/www.area-press.eu\/comunicatistampa\/wp-json\/wp\/v2\/posts\/9496\/revisions"}],"predecessor-version":[{"id":9497,"href":"https:\/\/www.area-press.eu\/comunicatistampa\/wp-json\/wp\/v2\/posts\/9496\/revisions\/9497"}],"wp:attachment":[{"href":"https:\/\/www.area-press.eu\/comunicatistampa\/wp-json\/wp\/v2\/media?parent=9496"}],"wp:term":[{"taxonomy":"category","embeddable":true,"href":"https:\/\/www.area-press.eu\/comunicatistampa\/wp-json\/wp\/v2\/categories?post=9496"},{"taxonomy":"post_tag","embeddable":true,"href":"https:\/\/www.area-press.eu\/comunicatistampa\/wp-json\/wp\/v2\/tags?post=9496"}],"curies":[{"name":"wp","href":"https:\/\/api.w.org\/{rel}","templated":true}]}}