{"id":9466,"date":"2016-04-24T13:55:08","date_gmt":"2016-04-24T11:55:08","guid":{"rendered":"http:\/\/www.area-press.eu\/comunicatistampa\/?p=9466"},"modified":"2018-10-28T18:56:15","modified_gmt":"2018-10-28T17:56:15","slug":"marinelli-cede-il-posto-a-sallustio-alla-guida-dellitalia-dei-diritti-lazio","status":"publish","type":"post","link":"https:\/\/www.area-press.eu\/comunicatistampa\/2016\/04\/24\/marinelli-cede-il-posto-a-sallustio-alla-guida-dellitalia-dei-diritti-lazio\/","title":{"rendered":"Marinelli cede il posto a Sallustio alla guida dell&#8217;Italia dei Diritti Lazio"},"content":{"rendered":"<p>Il presidente Antonello De Pierro accoglie con favore la new entry e dichiara immutata la stima per il noto avvocato romano, che rimane segretario vicario e responsabile nazionale del Dipartimento per la Tutela dei Consumatori<\/p>\n<p>Roma &#8211; Cambio di guardia al vertice della segreteria dell&#8217;Italia dei Diritti Lazio, dopo la riunione del direttivo regionale, che ha sancito una rimodulazione dell\u2019organigramma. E&#8217; di stamane, infatti, la notizia riguardante il passaggio di testimone tra Vittorio Marinelli, noto avvocato romano e storico esponente del movimento presieduto da Antonello De Pierro, e Luisa Sallustio, la commercialista ariccina che, proprio di recente, ne era entrata a far parte in qualit\u00e0 di componente dell\u2019organo di dirigenza laziale. Marinelli, gi\u00e0 responsabile nazionale del Dipartimento per la Tutela dei Consumatori, va dunque a ricoprire la carica di responsabile vicario, assieme a Carmine Celardo e Anna Nieddu.<br \/>\n&#8220;Saluto con piacere l&#8217;ingresso di Luisa Sallustio ai vertici dell Idd Lazio, la cui candidatura a sindaco di Ariccia sto fortemente sostenendo. Sono certo che la sua competenza sapr\u00e0 rispondere alle responsabilit\u00e0 del suo nuovo ruolo nell&#8217;ambito del nostro organigramma regionale e che, da oggi, sar\u00e0 ancor pi\u00f9 in prima linea per la crescita del nostro movimento nel Lazio &#8211; ha dichiarato il presidente De Pierro, che ha voluto ribadire ancora una volta la linea politica dell&#8217;Italia dei Diritti -, sempre dalla parte delle cellule pi\u00f9 deboli del parenchima sociale e a sostegno della salvaguardia dei diritti imprescindibili, che l&#8217; arroganza del potere, spesso, calpesta e mortifica&#8221;.<img decoding=\"async\" src=\"http:\/\/www.nellanotizia.net\/public\/fileuploati\/16-04-24224-2.jpg\" alt=\"Antonello De Pierro e Vittorio Marinelli\" \/><br \/>\nImmutata la stima per Marinelli da parte del leader del movimento, che ha voluto cos\u00ec suggellare il condiviso passaggio di consegne alla guida della sua organizzazione politica nel Lazio: &#8220;Ringrazio Vittorio Marinelli per il commendevole impegno profuso alla guida dell\u2019Idd regionale, che ha saputo dirigere attraverso una prodiga azione politica a sostegno dei diritti dei cittadini e della tutela di ogni prevaricazione nella sfera dei corpi collettivi. Il caro Vittorio &#8211; ha infine aggiunto &#8211; continuer\u00e0 a dare il suo validissimo contributo, assieme a Celardo e Nieddu, ora che la squadra di vertice si \u00e8 arricchita di una personalit\u00e0 capace e determinata come Luisa Sallustio che, gi\u00e0 da tempo, sta operando in perfetta sintonia con i parametri ideali ed i valori fondanti del nostro movimento&#8221;.<\/p>\n","protected":false},"excerpt":{"rendered":"<p>Il presidente Antonello De Pierro accoglie con favore la new entry e dichiara immutata la stima per il noto avvocato romano, che rimane segretario vicario e responsabile nazionale del Dipartimento per la Tutela dei Consumatori Roma &#8211; Cambio di guardia al vertice della segreteria dell&#8217;Italia dei Diritti Lazio, dopo la riunione del direttivo regionale, che [&hellip;]<\/p>\n","protected":false},"author":33,"featured_media":0,"comment_status":"open","ping_status":"open","sticky":false,"template":"","format":"standard","meta":{"footnotes":""},"categories":[4,29,13],"tags":[2434,6127,6125,2437,2428,105,974,6120,5418,2430,2429,6121,2435,2431,2440,6130,6126,375,2427,6131,6132,1056,2433,106,2439,5414,2426,977,4370,1058,6128,1063,5416,5415,6124,5417,107,5008,958,1131,2438,2436,2432,1061,7122],"class_list":["post-9466","post","type-post","status-publish","format-standard","hentry","category-attualita-e-societa","category-comunicati","category-politica","tag-acilia","tag-albalonga","tag-albano-laziale","tag-alfonso-sabella","tag-andrea-tassone","tag-antonello-de-pierro","tag-antonio-di-pietro","tag-ariccia","tag-castelli-romani","tag-concussione","tag-corruzione","tag-emilio-cianfanelli","tag-eur","tag-fasciani","tag-federica-angeli","tag-frascati","tag-genzano-di-roma","tag-giorgia-meloni","tag-giuseppe-pignatone","tag-grottaferrata","tag-guido-bertolaso","tag-ignazio-marino","tag-infernetto","tag-italia-dei-diritti","tag-lirio-abbate","tag-luisa-sallustio","tag-mafia-capitale","tag-matteo-renzi","tag-matteo-salvini","tag-municipio-x","tag-nettunense","tag-ostia","tag-partito-democratico","tag-pd","tag-porchetta","tag-primarie","tag-radio-roma","tag-roberto-giachetti","tag-silvio-berlusconi","tag-spada","tag-stefano-esposito","tag-tor-sapienza","tag-triassi","tag-ufficio-tecnico","tag-virginia-raggi"],"_links":{"self":[{"href":"https:\/\/www.area-press.eu\/comunicatistampa\/wp-json\/wp\/v2\/posts\/9466","targetHints":{"allow":["GET"]}}],"collection":[{"href":"https:\/\/www.area-press.eu\/comunicatistampa\/wp-json\/wp\/v2\/posts"}],"about":[{"href":"https:\/\/www.area-press.eu\/comunicatistampa\/wp-json\/wp\/v2\/types\/post"}],"author":[{"embeddable":true,"href":"https:\/\/www.area-press.eu\/comunicatistampa\/wp-json\/wp\/v2\/users\/33"}],"replies":[{"embeddable":true,"href":"https:\/\/www.area-press.eu\/comunicatistampa\/wp-json\/wp\/v2\/comments?post=9466"}],"version-history":[{"count":2,"href":"https:\/\/www.area-press.eu\/comunicatistampa\/wp-json\/wp\/v2\/posts\/9466\/revisions"}],"predecessor-version":[{"id":35790,"href":"https:\/\/www.area-press.eu\/comunicatistampa\/wp-json\/wp\/v2\/posts\/9466\/revisions\/35790"}],"wp:attachment":[{"href":"https:\/\/www.area-press.eu\/comunicatistampa\/wp-json\/wp\/v2\/media?parent=9466"}],"wp:term":[{"taxonomy":"category","embeddable":true,"href":"https:\/\/www.area-press.eu\/comunicatistampa\/wp-json\/wp\/v2\/categories?post=9466"},{"taxonomy":"post_tag","embeddable":true,"href":"https:\/\/www.area-press.eu\/comunicatistampa\/wp-json\/wp\/v2\/tags?post=9466"}],"curies":[{"name":"wp","href":"https:\/\/api.w.org\/{rel}","templated":true}]}}