{"id":9429,"date":"2016-04-22T16:57:34","date_gmt":"2016-04-22T14:57:34","guid":{"rendered":"http:\/\/www.area-press.eu\/comunicatistampa\/?p=9429"},"modified":"2016-04-22T16:57:34","modified_gmt":"2016-04-22T14:57:34","slug":"top-events-venostani-alla-fiera-del-tempo-libero-sconti-solo-per-oggi-per-ortler-e-giro-lago-resia","status":"publish","type":"post","link":"https:\/\/www.area-press.eu\/comunicatistampa\/2016\/04\/22\/top-events-venostani-alla-fiera-del-tempo-libero-sconti-solo-per-oggi-per-ortler-e-giro-lago-resia\/","title":{"rendered":"TOP EVENTS VENOSTANI ALLA FIERA DEL TEMPO LIBERO, SCONTI SOLO PER OGGI PER ORTLER E GIRO LAGO RESIA"},"content":{"rendered":"<p>Tariffe agevolate per Ortler Bike Marathon dell\u201911 giugno e Giro Lago di Resia del 16 luglio<\/p>\n<p>Solo chi s\u2019iscriver\u00e0 entro oggi entrer\u00e0 gratis alla 40\u00aa Fiera del Tempo Libero di Bolzano<\/p>\n<p>Quote \u2018agevolate\u2019 anche per i primi 50 che si presenteranno allo stand Rennerclub Vinschgau<\/p>\n<p>Le partecipazioni saranno comprensive di allettanti \u2018pacchi gara\u2019<\/p>\n<p>&nbsp;<\/p>\n<p>&nbsp;<\/p>\n<p>La Fiera del Tempo Libero di Bolzano \u00e8 di lunga tradizione, ma costantemente capace di coinvolgere il pubblico giovane e meno giovane in un mix di novit\u00e0, divertimento e gustose offerte, celebrando ci\u00f2 che ognuno ha di pi\u00f9 caro\u2026 il proprio tempo libero!<\/p>\n<p>Una Fiera visitata ogni anno da oltre 45.000 persone, un\u2019occasione per provare ed acquistare a \u201cprezzo fiera\u201d tantissime novit\u00e0 e prodotti che riguarderanno anche corridori ed appassionati bikers. Chi s\u2019iscriver\u00e0 entro oggi ai top events della Val Venosta, come la 2\u00aa Ortler Bike Marathon dell\u201911 giugno e il 17\u00b0 Giro Lago di Resia del 16 luglio, seguendo le procedure indicate ai siti web di riferimento <a href=\"http:\/\/www.ortler-bikemarathon.it\/\">www.ortler-bikemarathon.it<\/a> e <a href=\"http:\/\/www.girolagodiresia.it\/\">www.girolagodiresia.it<\/a>, non solo potr\u00e0 usufruire delle quote \u2018agevolate\u2019 di 27 euro per la gara podistica e di 55 euro per quella di mountain bike, ma entrer\u00e0 anche gratis alla Fiera del Tempo Libero di Bolzano in scena da oggi al 25 aprile, arrivata a celebrare il quarantennale.<\/p>\n<p>La Asv Rennerclub Vinschgau sar\u00e0 inoltre presente alla Fiera con uno stand dedicato, precisamente il numero d26\/50, mettendo a disposizione un pacchetto di 50 partecipazioni totali, con i pi\u00f9 \u2018veloci\u2019 che si recheranno allo stand a vedersi garantite in via eccezionale le quote \u2018promozionali\u2019 di 27 e 55 euro, il tutto a disposizione sino al 25 aprile, giorno in cui terminer\u00e0 la Fiera ma, come si suol dire, chi ha tempo non aspetti tempo\u2026 L\u2019offerta \u00e8 di quelle da non perdere.<\/p>\n<p>Le iscrizioni comprenderanno anche i due \u2018pacchi gara\u2019 delle competizioni sportive, consegnati nel giorno delle manifestazioni, con il comitato organizzatore dell\u2019Asv Rennerclub Vinschgau Raiffeisen del Giro Lago di Resia a donare un pettorale stampato con il nome personale dell\u2019atleta, una maglia tecnica, prodotti locali quali mele delle pi\u00f9 pregiate variet\u00e0, yogurt Mila, biscotti Loacker e Dr. Sch\u00e4r, benefit relativi alla gara, diploma di partecipazione, parcheggio e servizio di cronometraggio.<\/p>\n<p>Una sfida di 15.3 chilometri d\u2019impareggiabile bellezza \u2018girer\u00e0 attorno\u2019 al lago artificiale da cui spunta la cima dell\u2019antico campanile di Curon, con l\u2019Ortles a fare da sfondo.<\/p>\n<p>Ortles da cui prende il nome l\u2019altro contest sportivo, questa volta dedicato ai fenomenali bikers, la Ortler Bike Marathon con partenza ed arrivo a Glorenza (BZ) ed i percorsi \u2018classic\u2019 di 51 km e \u2018marathon\u2019 di 90 km.<\/p>\n<p>Una promozione da non perdere quella odierna, si risparmieranno 20 euro sulla tariffa attuale di 75 euro, comprensiva di un pacco gara che regaler\u00e0 a tutti gli iscritti una giacca tecnica creata ad arte per aumentare la destrezza ed il comfort dei bikers.<\/p>\n<p>Info: <a href=\"http:\/\/www.girolagodiresia.it\/\">www.girolagodiresia.it<\/a> e www.ortler-bikemarathon.it<\/p>\n","protected":false},"excerpt":{"rendered":"<p>Tariffe agevolate per Ortler Bike Marathon dell\u201911 giugno e Giro Lago di Resia del 16 luglio Solo chi s\u2019iscriver\u00e0 entro oggi entrer\u00e0 gratis alla 40\u00aa Fiera del Tempo Libero di Bolzano Quote \u2018agevolate\u2019 anche per i primi 50 che si presenteranno allo stand Rennerclub Vinschgau Le partecipazioni saranno comprensive di allettanti \u2018pacchi gara\u2019 &nbsp; &nbsp; [&hellip;]<\/p>\n","protected":false},"author":15,"featured_media":0,"comment_status":"open","ping_status":"open","sticky":false,"template":"","format":"standard","meta":{"footnotes":""},"categories":[15],"tags":[],"class_list":["post-9429","post","type-post","status-publish","format-standard","hentry","category-sport"],"_links":{"self":[{"href":"https:\/\/www.area-press.eu\/comunicatistampa\/wp-json\/wp\/v2\/posts\/9429","targetHints":{"allow":["GET"]}}],"collection":[{"href":"https:\/\/www.area-press.eu\/comunicatistampa\/wp-json\/wp\/v2\/posts"}],"about":[{"href":"https:\/\/www.area-press.eu\/comunicatistampa\/wp-json\/wp\/v2\/types\/post"}],"author":[{"embeddable":true,"href":"https:\/\/www.area-press.eu\/comunicatistampa\/wp-json\/wp\/v2\/users\/15"}],"replies":[{"embeddable":true,"href":"https:\/\/www.area-press.eu\/comunicatistampa\/wp-json\/wp\/v2\/comments?post=9429"}],"version-history":[{"count":1,"href":"https:\/\/www.area-press.eu\/comunicatistampa\/wp-json\/wp\/v2\/posts\/9429\/revisions"}],"predecessor-version":[{"id":9432,"href":"https:\/\/www.area-press.eu\/comunicatistampa\/wp-json\/wp\/v2\/posts\/9429\/revisions\/9432"}],"wp:attachment":[{"href":"https:\/\/www.area-press.eu\/comunicatistampa\/wp-json\/wp\/v2\/media?parent=9429"}],"wp:term":[{"taxonomy":"category","embeddable":true,"href":"https:\/\/www.area-press.eu\/comunicatistampa\/wp-json\/wp\/v2\/categories?post=9429"},{"taxonomy":"post_tag","embeddable":true,"href":"https:\/\/www.area-press.eu\/comunicatistampa\/wp-json\/wp\/v2\/tags?post=9429"}],"curies":[{"name":"wp","href":"https:\/\/api.w.org\/{rel}","templated":true}]}}