{"id":9410,"date":"2016-04-22T11:20:20","date_gmt":"2016-04-22T09:20:20","guid":{"rendered":"http:\/\/www.area-press.eu\/comunicatistampa\/?p=9410"},"modified":"2016-04-22T11:20:20","modified_gmt":"2016-04-22T09:20:20","slug":"tutti-i-contendenti-al-trono-della-7a-gf-fizik-il-via-domenica-da-piazza-degli-scacchi-a-marostica","status":"publish","type":"post","link":"https:\/\/www.area-press.eu\/comunicatistampa\/2016\/04\/22\/tutti-i-contendenti-al-trono-della-7a-gf-fizik-il-via-domenica-da-piazza-degli-scacchi-a-marostica\/","title":{"rendered":"TUTTI I CONTENDENTI AL TRONO DELLA 7\u00aa GF fi\u2019zi:k, IL VIA DOMENICA DA PIAZZA DEGLI SCACCHI A MAROSTICA"},"content":{"rendered":"<p>Domenica 24 aprile Granfondo fi\u2019zi:k a Marostica (VI)<\/p>\n<p>Nomi illustri fra i \u2018pro\u2019 invitati ma anche tanti \u2018nomi forti\u2019 in lizza per la vittoria finale<\/p>\n<p>Bertolin, Benedet, Molo e Schartm\u00fcller iscritte alla gara<\/p>\n<p>Bergamo, Bertuola, Elettrico, Minuzzo, Poeta e Pontalto fra i favoriti maschi<\/p>\n<p>&nbsp;<\/p>\n<p>&nbsp;<\/p>\n<p>Gli appassionati di ciclismo dovranno trattenere il respiro ancora per pochi giorni prima di vedere sfilar via i pedalatori della settima Granfondo fi\u2019zi:k, domenica 24 aprile sulle strade di Marostica e dell\u2019Altopiano di Asiago (VI). Il comitato organizzatore di Studio RX ha invitato a partecipare anche alcuni professionisti che competono e si allenano quotidianamente con le creazioni fi\u2019zi:k, a cominciare dal veronese Elia Viviani del Team Sky in sella fi&#8217;zi:k Arione, proseguendo con il trentino Daniel Oss del BMC Racing Team, su selle fi\u2019zi:k Aliante e con scarpe fi\u2019zi:k R3B, e terminando con il forlivese Matteo Montaguti dell\u2019AG2R La Mondiale, su selle fi\u2019zi:k Arione e con scarpe fi\u2019zi:k R1B.<\/p>\n<p>Nomi di prestigio per una manifestazione ciclistica altrettanto prestigiosa, che partir\u00e0 ed arriver\u00e0 nello scenografico palcoscenico marosticense di Piazza degli Scacchi. Oltre ai professionisti, ci saranno ovviamente i nomi forti delle granfondo nostrane, desiderosi di ottenere un piazzamento che conta nella gara del Campionato Nazionale e Provinciale ACSI e dei circuiti Maglia Nera by Pinarello ed Al\u00e9 Challenge.<\/p>\n<p>Nella categoria femminile ci sar\u00e0 la combattiva Odette Bertolin, una delle pi\u00f9 allenate e protagonista settimanalmente di ottime prove, fra le pi\u00f9 recenti spiccano il 2\u00b0 posto alla Granfondo Firenze De Rosa, il successo in solitaria ottenuto alla Granfondo Liotto, il 3\u00b0 alla prestigiosa Selle Italia di Cervia ed i quattro secondi posti consecutivi fra la Granfondo Davide Cassani, la Granfondo Diavolo in Versilia, la Granfondo Val di Cecina e la Granfondo Citt\u00e0 di Loano.<\/p>\n<p>Presente anche la trevigiana Elisa Benedet con i colori sgargianti del marchio Al\u00e9, la campionessa dai riccioli d\u2019oro in queste zone ci sa fare, dopo il secondo posto ottenuto alla Granfondo Liotto del 10 aprile e soprattutto dopo la poderosa \u2018cavalcata\u2019 che le consegn\u00f2 il successo alla Granfondo di Asiago dell\u2019anno passato, senza dimenticare la scledense Matilde Molo, \u2018abbonata\u2019 a piazzamenti importanti.<\/p>\n<p>Ai nastri di partenza anche Astrid Schartm\u00fcller, spesso dominatrice nelle gare \u2018rosa\u2019 (vincitrice alla GF fi\u2019zi:k 2015 nel tracciato \u2018medio\u2019, abile a piazzarsi davanti ad una certa Serena Gazzini) ma che molte volte riesce a mettersi alle spalle anche tanti atleti maschi; ecco una bella rappresentazione di cosa significhino per lei le due ruote: \u201cLa bici per me significa libert\u00e0, autonomia, relax, il modo migliore per scoprire il mondo ed anche quello per poter ricercare i propri limiti. La bici \u00e8 passione!\u201d<\/p>\n<p>I colleghi maschi non saranno da meno, con le partecipazioni dello specialista trentino delle \u2018mediofondo\u2019 Daniele Bergamo, vincitore lo scorso anno nel percorso corto, \u2018timido\u2019 quando si tratta di avere a che fare con il \u2018pubblico\u2019, molto meno quando inforca un velocipede. Alessandro Bertuola \u00e8 uno dei tanti ciclisti ad aver compiuto il salto dal mondo \u2018pro\u2019 a quello amatoriale, e domenica tenter\u00e0 di \u2018ingrassare\u2019 il proprio palmar\u00e8s portando a casa un successo nel suo Veneto, \u2018vendicando\u2019 il 2\u00b0 posto nella Granfondo fi\u2019zi:k 2012 ed il 3\u00b0 nel 2013. Tommaso Elettrico pu\u00f2 invece gi\u00e0 vantare una \u2018conquista\u2019 in quel di Marostica, ottenuta lo scorso anno nella distanza \u2018granfondo\u2019, una stagione aperta da una buona condizione fisica ma che ha portato alcuni risultati altalenanti anche a causa di un pizzico di fortuna venuta a mancare, con il 4\u00b0 posto alla Granfondo Liotto dopo una sfida per larghi tratti dominata, ed il 3\u00b0 alla recente Granfondo Firenze De Rosa. Allo start anche un altro trionfatore dello scorso anno, questa volta nell\u2019itinerario \u2018medio\u2019, il bergamasco Antonio Camozzi, uno di quelli che hanno scoperto tardi il mondo della bicicletta: \u201cLa bici \u00e8 stata un passaggio fondamentale nella mia vita, mi ha dato veramente tanto, ma spesso ho dovuto impormi dei limiti e circoscrivere un po\u2019 questa fantastica passione, che mi ha travolto completamente\u201d.<\/p>\n<p>Pericolosi outsider anche due aficionados dei palcoscenici cicloamatoriali, il vicentino Paolo Minuzzo del Team Granfondo Liotto e il veronese Andrea Pontalto di Al\u00e9 Cycling, con il primo a prediligere le \u2018granfondo\u2019 ed il secondo, pi\u00f9 avvezzo alla velocit\u00e0 che alla fatica, protagonista delle \u2018mediofondo\u2019.<\/p>\n<p>Altro sicuro \u2018duellante\u2019 sar\u00e0 Emanuele Poeta, battuto al fotofinish da Marco Spada alla Granfondo Liotto, e in odore di rivalsa nell\u2019oramai prossima Granfondo fi\u2019zi:k. La possibilit\u00e0 di partecipare alla gara di domenica assieme a questi grandi atleti \u00e8 ancora aperta, alla cifra di 55 euro fino al 23 aprile.<\/p>\n<p>Info: <a href=\"http:\/\/www.granfondofizik.it\/\">www.granfondofizik.it<\/a><\/p>\n","protected":false},"excerpt":{"rendered":"<p>Domenica 24 aprile Granfondo fi\u2019zi:k a Marostica (VI) Nomi illustri fra i \u2018pro\u2019 invitati ma anche tanti \u2018nomi forti\u2019 in lizza per la vittoria finale Bertolin, Benedet, Molo e Schartm\u00fcller iscritte alla gara Bergamo, Bertuola, Elettrico, Minuzzo, Poeta e Pontalto fra i favoriti maschi &nbsp; &nbsp; Gli appassionati di ciclismo dovranno trattenere il respiro ancora [&hellip;]<\/p>\n","protected":false},"author":15,"featured_media":0,"comment_status":"open","ping_status":"open","sticky":false,"template":"","format":"standard","meta":{"footnotes":""},"categories":[15],"tags":[],"class_list":["post-9410","post","type-post","status-publish","format-standard","hentry","category-sport"],"_links":{"self":[{"href":"https:\/\/www.area-press.eu\/comunicatistampa\/wp-json\/wp\/v2\/posts\/9410","targetHints":{"allow":["GET"]}}],"collection":[{"href":"https:\/\/www.area-press.eu\/comunicatistampa\/wp-json\/wp\/v2\/posts"}],"about":[{"href":"https:\/\/www.area-press.eu\/comunicatistampa\/wp-json\/wp\/v2\/types\/post"}],"author":[{"embeddable":true,"href":"https:\/\/www.area-press.eu\/comunicatistampa\/wp-json\/wp\/v2\/users\/15"}],"replies":[{"embeddable":true,"href":"https:\/\/www.area-press.eu\/comunicatistampa\/wp-json\/wp\/v2\/comments?post=9410"}],"version-history":[{"count":1,"href":"https:\/\/www.area-press.eu\/comunicatistampa\/wp-json\/wp\/v2\/posts\/9410\/revisions"}],"predecessor-version":[{"id":9412,"href":"https:\/\/www.area-press.eu\/comunicatistampa\/wp-json\/wp\/v2\/posts\/9410\/revisions\/9412"}],"wp:attachment":[{"href":"https:\/\/www.area-press.eu\/comunicatistampa\/wp-json\/wp\/v2\/media?parent=9410"}],"wp:term":[{"taxonomy":"category","embeddable":true,"href":"https:\/\/www.area-press.eu\/comunicatistampa\/wp-json\/wp\/v2\/categories?post=9410"},{"taxonomy":"post_tag","embeddable":true,"href":"https:\/\/www.area-press.eu\/comunicatistampa\/wp-json\/wp\/v2\/tags?post=9410"}],"curies":[{"name":"wp","href":"https:\/\/api.w.org\/{rel}","templated":true}]}}