{"id":937,"date":"2015-07-30T18:56:17","date_gmt":"2015-07-30T16:56:17","guid":{"rendered":"http:\/\/www.area-press.eu\/comunicatistampa\/?p=937"},"modified":"2015-07-30T18:56:17","modified_gmt":"2015-07-30T16:56:17","slug":"passione-di-fondo-in-val-casies-bz-sguardo-fisso-al-prossimo-inverno","status":"publish","type":"post","link":"https:\/\/www.area-press.eu\/comunicatistampa\/2015\/07\/30\/passione-di-fondo-in-val-casies-bz-sguardo-fisso-al-prossimo-inverno\/","title":{"rendered":"PASSIONE DI \u2026FONDO IN VAL CASIES (BZ), SGUARDO FISSO AL PROSSIMO INVERNO"},"content":{"rendered":"<p>La nota ski-marathon in pista nei giorni 20 e 21 febbraio 2016<\/p>\n<p>Esperienza e attrezzature per una granfondo garantita<\/p>\n<p>Iscrizioni in arrivo, 15 nazioni gi\u00e0 prenotate<\/p>\n<p>Anche d\u2019estate la Val Casies \u00e8 da non perdere<\/p>\n<p>&nbsp;<\/p>\n<p>&nbsp;<\/p>\n<p>I mesi estivi sono periodo di sport e attivit\u00e0 outdoor, cos\u00ec come lo \u00e8 il mese di febbraio nell\u2019altoatesina Val Casies dove anche nel 2016 andr\u00e0 in scena una delle maggiori ski-marathon d\u2019Italia.<\/p>\n<p>Sabato 20 e domenica 21 febbraio prossimi la Granfondo Val Casies celebrer\u00e0 la sua 33.a edizione, tutte di fila, mai un\u2019interruzione dal 1984, e il merito va di certo a chi sta dietro le quinte, un comitato organizzatore preparato, tenace e da sempre intraprendente. \u201cGli inverni come quello passato \u2013 commenta il presidente Walter Felderer \u2013 potrebbero essere la normalit\u00e0 in futuro ed \u00e8 per questo motivo che insieme ai comuni di Val Casies e di Monguelfo-Tesido e all\u2019ApT Val Casies-Monguelfo-Tesido ci siamo attrezzati a dovere per garantire in ogni caso almeno l\u2019anello da 30 km, anche se non dovesse scendere un solo fiocco di neve. Certamente l\u2019augurio \u00e8 quello di avere tutta la neve naturale possibile, ma, come detto, occorre essere pronti alla peggiore ipotesi meteo.\u201d<\/p>\n<p>Da \u201ccopione\u201d, la GF Val Casies della prossima stagione propone due giornate di gare con il sabato dedicato alla tecnica classica su due percorsi di 30 e 42 km, e la domenica a tutto skating lungo i medesimi tracciati. E nonostante l\u2019estate e il caldo che anche nelle vallate altoatesine come la Val Casies o la vicina Val Pusteria si sta facendo sentire forte in questo mese di luglio, al quartier generale della granfondo di febbraio 2016 sono gi\u00e0 pervenute iscrizioni da 15 nazioni con gruppi numerosi da Canada, Russia e Nord Europa. Tutte le informazioni per registrarsi e curiosare nelle edizioni passate della Granfondo Val Casies sono sul sito ufficiale <a href=\"http:\/\/www.valcasies.com\/\">www.valcasies.com<\/a> e sulla sempre aggiornata pagina Facebook dell\u2019evento.<\/p>\n<p>La Val Casies \u00e8 un paradiso di tranquillit\u00e0 e natura incontaminata per chiunque. Le strutture alberghiere offrono una gamma assai ampia di proposte e servizi, l\u2019accoglienza \u00e8 sempre a cinque stelle, cos\u00ec come lo \u00e8 la gastronomia tipica della regione. Rilassanti escursioni tra antichi masi e malghe sono un must per quanto riguarda la bella stagione, tutta da provare in questo angolo di Alto Adige, in attesa dell\u2019inverno e della Granfondo Val Casies, a febbraio nuovamente in pista per la 33.a volta.<\/p>\n<p>Info: <a href=\"http:\/\/www.valcasies.com\/\">www.valcasies.com<\/a><\/p>\n","protected":false},"excerpt":{"rendered":"<p>La nota ski-marathon in pista nei giorni 20 e 21 febbraio 2016 Esperienza e attrezzature per una granfondo garantita Iscrizioni in arrivo, 15 nazioni gi\u00e0 prenotate Anche d\u2019estate la Val Casies \u00e8 da non perdere &nbsp; &nbsp; I mesi estivi sono periodo di sport e attivit\u00e0 outdoor, cos\u00ec come lo \u00e8 il mese di febbraio [&hellip;]<\/p>\n","protected":false},"author":15,"featured_media":0,"comment_status":"open","ping_status":"open","sticky":false,"template":"","format":"standard","meta":{"footnotes":""},"categories":[15],"tags":[],"class_list":["post-937","post","type-post","status-publish","format-standard","hentry","category-sport"],"_links":{"self":[{"href":"https:\/\/www.area-press.eu\/comunicatistampa\/wp-json\/wp\/v2\/posts\/937","targetHints":{"allow":["GET"]}}],"collection":[{"href":"https:\/\/www.area-press.eu\/comunicatistampa\/wp-json\/wp\/v2\/posts"}],"about":[{"href":"https:\/\/www.area-press.eu\/comunicatistampa\/wp-json\/wp\/v2\/types\/post"}],"author":[{"embeddable":true,"href":"https:\/\/www.area-press.eu\/comunicatistampa\/wp-json\/wp\/v2\/users\/15"}],"replies":[{"embeddable":true,"href":"https:\/\/www.area-press.eu\/comunicatistampa\/wp-json\/wp\/v2\/comments?post=937"}],"version-history":[{"count":1,"href":"https:\/\/www.area-press.eu\/comunicatistampa\/wp-json\/wp\/v2\/posts\/937\/revisions"}],"predecessor-version":[{"id":938,"href":"https:\/\/www.area-press.eu\/comunicatistampa\/wp-json\/wp\/v2\/posts\/937\/revisions\/938"}],"wp:attachment":[{"href":"https:\/\/www.area-press.eu\/comunicatistampa\/wp-json\/wp\/v2\/media?parent=937"}],"wp:term":[{"taxonomy":"category","embeddable":true,"href":"https:\/\/www.area-press.eu\/comunicatistampa\/wp-json\/wp\/v2\/categories?post=937"},{"taxonomy":"post_tag","embeddable":true,"href":"https:\/\/www.area-press.eu\/comunicatistampa\/wp-json\/wp\/v2\/tags?post=937"}],"curies":[{"name":"wp","href":"https:\/\/api.w.org\/{rel}","templated":true}]}}