{"id":9332,"date":"2016-04-21T12:04:04","date_gmt":"2016-04-21T10:04:04","guid":{"rendered":"http:\/\/www.area-press.eu\/comunicatistampa\/?p=9332"},"modified":"2016-04-21T12:04:04","modified_gmt":"2016-04-21T10:04:04","slug":"riforma-pensioni-elsa-fornero-sottolinea-il-suo-no-alla-generalizzazione-del-pensionamento-anticipato-ma-puntare-per-loccupazione-sulleconomia-reale","status":"publish","type":"post","link":"https:\/\/www.area-press.eu\/comunicatistampa\/2016\/04\/21\/riforma-pensioni-elsa-fornero-sottolinea-il-suo-no-alla-generalizzazione-del-pensionamento-anticipato-ma-puntare-per-loccupazione-sulleconomia-reale\/","title":{"rendered":"RIFORMA PENSIONI: ELSA FORNERO SOTTOLINEA IL SUO NO ALLA GENERALIZZAZIONE DEL PENSIONAMENTO ANTICIPATO MA PUNTARE PER L&#8217;OCCUPAZIONE SULL&#8217;ECONOMIA REALE!"},"content":{"rendered":"<p>Elsa Fornero, ex ministra governo tecnico Monti, non si smentisce con i suoi interventi che difendono a spada tratta la sua Riforma previdenziale 2011, una riforma che non ha messo sul lastrico milioni di persone ma ha anche piegato l&#8217;economia nazionale pur distogliendo, con le sue leggi e leggine, 80 miliardi di euro, spalmati fino al 2020, dalle pensioni, ritorna a ribattere e a sottolineare che non sar\u00e0 la flessibilit\u00e0 in uscita a ridare al mondo del lavoro l&#8217;occupazione ma si dovrebbe puntare sull&#8217;economia reale, probabilmente vede i lavoratori occupati fino a 70 anni, con l&#8217;innalzamento dell&#8217;et\u00e0 pensionabile voluta proprio dalla sua riforma,  mentre la nuova generazione, per crearsi un futuro, espatria; per democrazia e libert\u00e0 postiamo il suo intervento anche se non ci trova d&#8217;accordo sulle sue affermazioni, la Fornero dovrebbe, dopo i suoi misfatti insieme al prof. Monti, dovrebbe ritirarsi dal quadro politico a vita privata in quanto la sua immagine non \u00e8 proprio benvoluta dal cittadino italiano.<\/p>\n<p>Quello che pi\u00f9 fa temere \u00e8 che il duo Monti\/Fornero continua ad insinuarsi sull&#8217;anfiteatro politico, quasi impercettibilmente ma la loro immagine si ha sempre in qualche intervento sulle testate dei quotidiani e questo fa supporre che loro, creature di potenze mondiali occulte ai pi\u00f9, possano rientrare nella scena politica e ritrovarli sulle poltrone del potere per attuare altri misfatti ai danni dei cittadini, infatti essendo creature dei potenti come potrebbero avere a cuore il benessere dei cittadini pensando solo all&#8217;economia nazionale, alle banche e alle multinazionali, il business, l&#8217;interesse per questi due personaggi viene posto al di sopra del cittadino e non certamente in favore di esso!<\/p>\n<p>Dialogando con Adnkronos, Elsa Fornero afferma: &#8216;Non credo fattibile una flessibilit\u00e0 in uscita generalizzata n\u00e9 un ricalcolo contributivo per tutti che lascerebbe sul terreno pensioni troppo basse. Se il governo intende tornare sulle pensioni, visto che oggi la situazione finanziaria lo consente, guarderei piuttosto a risolvere le situazioni pi\u00f9 difficili, quelle dei lavoratori precoci, che hanno fatto lavori manuali, ma anche quelle delle donne che svolgono molto spesso lavori di cura. Ecco punterei l\u00ec&#8217;; ovvio che che i precoci e le donne che svolgono mansioni di cura devono avere la precedenza per\u00f2 i restanti lavoratori dovrebbero comunque continuare a lavorare fino ai 70 e pi\u00f9 prima di accedere alla pensione? sembra che la ex ministra voglia vedere i lavoratori son un piede sulla tomba prima di entrare in pensionamento, cos\u00ec&#8217; facendo ci sarebbe un vero risparmio sui vitalizi pensionistici, senza comunque pensare che in quell&#8217;et\u00e0 avanzata tutti le occupazioni diventano pesanti da portare avanti e senza pensare che i giovani non troverebbero occupazione quale staffetta generazionale!<\/p>\n<p>IL DUO MONTI\/FORNERO<br \/>\nProsegue imperterrita: &#8216;Farei fatica a capire una logica che volesse riaprire la riforma del 2011 ed \u00e8 discutibile metterla in collegamento con la creazione di lavoro. E\u2019 una questione mal posta: l\u2019occupazione si crea lavorando sull\u2019economia reale, non andando in pensione prima. Non si pu\u00f2 confondere l\u2019assetto del sistema pensionistico, che non pu\u00f2 essere usato per risolvere mali che hanno un\u2019origine diversa, con un problema strutturale, la mancanza di lavoro&#8217;<br \/>\n&#8216;La logica esce uno, entra uno \u00e8 perdente: bisogna puntare a creare nuovi posti di lavoro per tutti, giovani ma anche over 50&#8217;; le sue parole sono in netto contrasto con quanto affermano esponenti politici di un certo spessore quale Cesare Damiano, presidente Commissione Lavoro alla Camera, che afferma l&#8217;esatto contrario battendosi per la flessibilit\u00e0 in uscita, di conseguenza l&#8217;ex ministra dovrebbe limitarsi a fare i conti, con il pallottoliere, invece di dispensare consigli dopo la sua iniqua e disfattista riforma previdenziale!<\/p>\n<p>Ed infine, non ancora soddisfatta del suo dire, conclude: &#8216;Bisognerebbe chiedere apertamente al Paese, invece se ritiene sia meglio spendere le risorse pubbliche per un anticipo di pensionamento generalizzato o non sia il caso invece di utilizzare le stesse risorse su altri grandi capitoli, scuola e assistenza degli anziani, per esempio. Altrimenti continuiamo ad alimentare il circolo vizioso dei pensionamenti anticipati continuando a lasciare che le donne escano prima dal mercato del lavoro per accudire gli anziani. Le risorse che si liberano si devono spendere non solo per corrispondere nuove pensioni, ma per creare nuova occupazione&#8217;; il Governo, quando Tito Boeri, presidente dell&#8217;Inps ha presentato il suo progetto che prevede anche la flessibilit\u00e0 in uscita, attraverso le voci dei suoi esponenti politici gli ha imposto di tornare alle sue mansioni (e i provvedimenti correttivi per il tema previdenziale non sono forse fra i suoi compiti?) per quale arcano motivo non invita l&#8217;ex ministra nel tornare alla sua Centrale del Latte invece di interferire in questioni che ormai non la riguardano proprio pi\u00f9? per quale motivo la si invita nelle tv nazionali a interloquire sul tema previdenziale? per quale motivo si rivede cos\u00ec sovente sulle testate dei quotidiani nazionali? per il Governo attuale potrebbe esserci un ritorno di fiamma verso questa signora dall&#8217;aria falsamente dimessa dalle lacrime di coccodrillo?<\/p>\n<p>Fonte: PensioniBlog<\/p>\n","protected":false},"excerpt":{"rendered":"<p>Elsa Fornero, ex ministra governo tecnico Monti, non si smentisce con i suoi interventi che difendono a spada tratta la sua Riforma previdenziale 2011, una riforma che non ha messo sul lastrico milioni di persone ma ha anche piegato l&#8217;economia nazionale pur distogliendo, con le sue leggi e leggine, 80 miliardi di euro, spalmati fino [&hellip;]<\/p>\n","protected":false},"author":2872,"featured_media":0,"comment_status":"open","ping_status":"open","sticky":false,"template":"","format":"standard","meta":{"footnotes":""},"categories":[29],"tags":[],"class_list":["post-9332","post","type-post","status-publish","format-standard","hentry","category-comunicati"],"_links":{"self":[{"href":"https:\/\/www.area-press.eu\/comunicatistampa\/wp-json\/wp\/v2\/posts\/9332","targetHints":{"allow":["GET"]}}],"collection":[{"href":"https:\/\/www.area-press.eu\/comunicatistampa\/wp-json\/wp\/v2\/posts"}],"about":[{"href":"https:\/\/www.area-press.eu\/comunicatistampa\/wp-json\/wp\/v2\/types\/post"}],"author":[{"embeddable":true,"href":"https:\/\/www.area-press.eu\/comunicatistampa\/wp-json\/wp\/v2\/users\/2872"}],"replies":[{"embeddable":true,"href":"https:\/\/www.area-press.eu\/comunicatistampa\/wp-json\/wp\/v2\/comments?post=9332"}],"version-history":[{"count":1,"href":"https:\/\/www.area-press.eu\/comunicatistampa\/wp-json\/wp\/v2\/posts\/9332\/revisions"}],"predecessor-version":[{"id":9333,"href":"https:\/\/www.area-press.eu\/comunicatistampa\/wp-json\/wp\/v2\/posts\/9332\/revisions\/9333"}],"wp:attachment":[{"href":"https:\/\/www.area-press.eu\/comunicatistampa\/wp-json\/wp\/v2\/media?parent=9332"}],"wp:term":[{"taxonomy":"category","embeddable":true,"href":"https:\/\/www.area-press.eu\/comunicatistampa\/wp-json\/wp\/v2\/categories?post=9332"},{"taxonomy":"post_tag","embeddable":true,"href":"https:\/\/www.area-press.eu\/comunicatistampa\/wp-json\/wp\/v2\/tags?post=9332"}],"curies":[{"name":"wp","href":"https:\/\/api.w.org\/{rel}","templated":true}]}}