{"id":9304,"date":"2016-04-20T19:43:57","date_gmt":"2016-04-20T17:43:57","guid":{"rendered":"http:\/\/www.area-press.eu\/comunicatistampa\/?p=9304"},"modified":"2016-04-20T19:43:57","modified_gmt":"2016-04-20T17:43:57","slug":"custodia-in-pura-pelle-per-iphone-con-angolo-pieghevole","status":"publish","type":"post","link":"https:\/\/www.area-press.eu\/comunicatistampa\/2016\/04\/20\/custodia-in-pura-pelle-per-iphone-con-angolo-pieghevole\/","title":{"rendered":"Custodia in pura pelle per iPhone con angolo pieghevole"},"content":{"rendered":"<p class=\"western\" lang=\"it-IT\" align=\"justify\"><b>Dopo anni di progettazione e sviluppo del design Opis Technology ha commercializzato Opis mobile 6 garde, una custodia per iPhone 6\/6s con incorporate funzionalit\u00e0 nuove e utili all&#8217;interno di una raffinata e prestigiosa custodia in pelle. Gli amanti della fotografia saranno particolarmente interessati al design con angolo pieghevole che permette l&#8217;utilizzo della camera e del flash piegando semplicemente un ngolo dell&#8217;elegante custodia.<\/b><\/p>\n<p><img decoding=\"async\" src=\"https:\/\/www.opis-tech.com\/images\/garde\/mobile-6-garde\/pictures\/Opis_mobile_6_garde_-_Multifunktionale_Echtlederh%C3%BClle_f%C3%BCr_das_iPhone_6_und_6s_in_Naturleder.jpg\" \/><\/p>\n<p class=\"western\" lang=\"it-IT\" align=\"justify\">Esistono molte custodie per iPhone 6\/6s, ma \u00e8 raro trovare eleganza unita alla funzionalit\u00e0 in maniera cos\u00ec notevole come nel caso del mobile 6 garde. La custodia in preziosa pelle in 5 varianti, circonda, protegge e impreziosisce l&#8217;iPhone. Nella parte posteriore della custodia trova posto un elegante porta carte di credito. In questo modo sono completamente protette da fattori esterni e non disturbano l&#8217;aspetto generale dell&#8217;iPhone o della custodia. L&#8217;angolo pieghevole nella parte superiore dello sportellino non \u00e8 una semplice decorazione; anche quando lo sportello anteriore \u00e8 chiuso permette l&#8217;uso completo della camera dando la possibilit\u00e0 di fare splendide foto.<\/p>\n<p><img decoding=\"async\" src=\"https:\/\/www.opis-tech.com\/images\/garde\/mobile-6-garde\/pictures\/opis_mobile_6_garde_-_lop_ear_-_card_slot.png\" \/><\/p>\n<p class=\"western\" lang=\"it-IT\" align=\"justify\">Naturalmente, la custodia include un supporto stabile, in modo che sia possibile lavorare in formato orizzontale o guardare gli ultimi film. Per far s\u00ec che lo schermo del vostro iPhone sia sempre protetto, i magneti della nuova custodia di Opis Technology fanno in modo che lo sportellino anteriore rimanga sempre ben chiuso.<\/p>\n<p><img decoding=\"async\" src=\"https:\/\/www.opis-tech.com\/images\/garde\/mobile-6-garde\/pictures\/Opis_mobile_6_garde_Rot_-_Multifunktionales_Leder-Etui_f%C3%BCr_iPhone_6_und_6s.jpg\" \/><\/p>\n<p class=\"western\" lang=\"it-IT\" align=\"justify\">\u00a0Il mobile 6 garde della Opis \u00e8 disponibile su Amazon, nel negozio online Opis Technology e presso distributori al dettaglio selezionati, al prezzo di 29,90\u20ac (RRP).<\/p>\n<p><img decoding=\"async\" src=\"https:\/\/www.opis-tech.com\/images\/garde\/mobile-6-garde\/pictures\/Opis_mobile_6_garde_Schwarz_mit_schwarzen_N%C3%A4hten_-_Multifunktionale_Echtleder_iPhone_6_und_iPhone_6s_Schutzh%C3%BClle_in_edlem_Design.jpg\" \/><\/p>\n<p class=\"western\" lang=\"de-DE\" align=\"justify\"><em><span lang=\"it-IT\">La Opis Technology GmbH \u00e8 un giovane marchio di prodotti di design, con sede a Dresda. \u00c8 stata fondata da designer<\/span><\/em><em><span lang=\"it-IT\"> e ingegneri con una grande esperienza nella produzione industriale. Produce oggetti dal design innovativo ed elegante. Lo sviluppo e il controllo qualit\u00e0 vengono effettuati in Germania, la vendita e la distribuzione vengono gestite direttamente attraverso partnership europee. I potenziali distributori sono sempre invitati a contattare <\/span><\/em><em><span lang=\"it-IT\">Opis Technology. <\/span><\/em><\/p>\n<p class=\"western\" lang=\"de-DE\"><span lang=\"it-IT\">Ulteriori informazioni: <\/span><span lang=\"it-IT\"> <a href=\"http:\/\/www.opis-tech.com\/\" target=\"_top\">www.opis-tech.com<\/a><\/span><\/p>\n<p class=\"western\" lang=\"it-IT\">322 parole, 2119 caratteri<\/p>\n<p class=\"western\" lang=\"de-DE\"><span style=\"color: #000080\"><u><span lang=\"it-IT\"><i>Foto per la stampa: <\/i><\/span><\/u><\/span><span style=\"color: #000080\"><u><span lang=\"it-IT\"><i> <a href=\"http:\/\/www.opis-tech.com\/web-images\/press_quality\/\" target=\"_top\">http:\/\/www.opis-tech.com\/web-images\/press_quality\/<\/a><\/i><\/span><\/u><\/span><\/p>\n","protected":false},"excerpt":{"rendered":"<p>Dopo anni di progettazione e sviluppo del design Opis Technology ha commercializzato Opis mobile 6 garde, una custodia per iPhone 6\/6s con incorporate funzionalit\u00e0 nuove e utili all&#8217;interno di una raffinata e prestigiosa custodia in pelle. Gli amanti della fotografia saranno particolarmente interessati al design con angolo pieghevole che permette l&#8217;utilizzo della camera e del [&hellip;]<\/p>\n","protected":false},"author":2864,"featured_media":0,"comment_status":"open","ping_status":"open","sticky":false,"template":"","format":"image","meta":{"footnotes":""},"categories":[29],"tags":[],"class_list":["post-9304","post","type-post","status-publish","format-image","hentry","category-comunicati","post_format-post-format-image"],"_links":{"self":[{"href":"https:\/\/www.area-press.eu\/comunicatistampa\/wp-json\/wp\/v2\/posts\/9304","targetHints":{"allow":["GET"]}}],"collection":[{"href":"https:\/\/www.area-press.eu\/comunicatistampa\/wp-json\/wp\/v2\/posts"}],"about":[{"href":"https:\/\/www.area-press.eu\/comunicatistampa\/wp-json\/wp\/v2\/types\/post"}],"author":[{"embeddable":true,"href":"https:\/\/www.area-press.eu\/comunicatistampa\/wp-json\/wp\/v2\/users\/2864"}],"replies":[{"embeddable":true,"href":"https:\/\/www.area-press.eu\/comunicatistampa\/wp-json\/wp\/v2\/comments?post=9304"}],"version-history":[{"count":3,"href":"https:\/\/www.area-press.eu\/comunicatistampa\/wp-json\/wp\/v2\/posts\/9304\/revisions"}],"predecessor-version":[{"id":9307,"href":"https:\/\/www.area-press.eu\/comunicatistampa\/wp-json\/wp\/v2\/posts\/9304\/revisions\/9307"}],"wp:attachment":[{"href":"https:\/\/www.area-press.eu\/comunicatistampa\/wp-json\/wp\/v2\/media?parent=9304"}],"wp:term":[{"taxonomy":"category","embeddable":true,"href":"https:\/\/www.area-press.eu\/comunicatistampa\/wp-json\/wp\/v2\/categories?post=9304"},{"taxonomy":"post_tag","embeddable":true,"href":"https:\/\/www.area-press.eu\/comunicatistampa\/wp-json\/wp\/v2\/tags?post=9304"}],"curies":[{"name":"wp","href":"https:\/\/api.w.org\/{rel}","templated":true}]}}