{"id":9301,"date":"2016-04-20T19:43:57","date_gmt":"2016-04-20T17:43:57","guid":{"rendered":"http:\/\/www.area-press.eu\/comunicatistampa\/?p=9301"},"modified":"2016-04-20T19:43:57","modified_gmt":"2016-04-20T17:43:57","slug":"10-giorni-allo-start-della-gf-avesani-luca-1-maggio-in-bicicletta-nel-salotto-veronese","status":"publish","type":"post","link":"https:\/\/www.area-press.eu\/comunicatistampa\/2016\/04\/20\/10-giorni-allo-start-della-gf-avesani-luca-1-maggio-in-bicicletta-nel-salotto-veronese\/","title":{"rendered":"10 GIORNI ALLO START DELLA GF AVESANI LUCA, 1\u00b0 MAGGIO IN BICICLETTA NEL \u201cSALOTTO\u201d VERONESE"},"content":{"rendered":"<p>Il 1\u00b0 maggio GranFondo Avesani Luca a Verona. Anche il sindaco Tosi atteso al via<\/p>\n<p>Iscrizioni a 25 euro con l\u2019aggiunta di 10 euro fino al 27 aprile<\/p>\n<p>La salita \u2018della Cola\u2019 costituir\u00e0 il tratto cronometrato della manifestazione ciclistica<\/p>\n<p>Pasta party al Palazzo della Gran Guardia con prodotti freschi del Pastificio Avesani<\/p>\n<p>&nbsp;<\/p>\n<p>&nbsp;<\/p>\n<p>Prosegue la \u2018marcia di avvicinamento\u2019 alla manifestazione ciclistica GranFondo Avesani Luca, al via tra una decina di giorni dalla suggestiva cornice di Piazza Br\u00e0 a Verona, a pochi passi dall\u2019Arena scaligera.<\/p>\n<p>L\u2019allestimento della gara del 1\u00b0 maggio \u00e8 in via di definizione, ma i ritardatari potranno ancora \u2018inserirsi\u2019, sfruttando entro il 27 aprile la tariffa d\u2019iscrizione di 25 euro con l\u2019aggiunta di 10 euro al momento del ritiro del pettorale, comprensiva di un fornito pacco gara in cui spiccano i prodotti freschi del Pastificio Avesani, main sponsor della manifestazione ideata e creata in memoria di Luca Avesani e realizzata da Asd Giomas in collaborazione con Asd Avesani Bike. La quota d\u2019iscrizione per i partecipanti alla Bardolino Bike, Garda MTB e Giro dei Tre Laghi rimane invece stabile a 25 euro.<\/p>\n<p>Nel frattempo, il comitato organizzatore intrattiene gli appassionati del pedale sulla pagina Facebook \u2018Avesani Luca \u2013 Verona Cycling Marathon\u2019, raccontando passo dopo passo i suggestivi passaggi affrontati dall\u2019evento ciclistico in territorio veronese.<\/p>\n<p>Pedalando fra le uve della Valpolicella, celeberrima zona di produzione vitivinicola da cui derivano i nomi dei percorsi \u2018classico\u2019 di 90 km e \u2018superiore\u2019 di 120 km, gli arditi pedalatori giungeranno in Lessinia, a 1000 metri d\u2019altitudine, dopo essersi cimentati in strappi impegnativi e tratti pianeggianti, in poco pi\u00f9 di 15 chilometri e 700 metri di dislivello\u2026 \u201cFra pascoli verdeggianti e costruzioni rurali, da Sant\u2019Anna d\u2019Alfaedo ad Erbezzo la quota altimetrica rimarr\u00e0 attorno ai 1000 metri ancora per 10 chilometri, per poi dirigersi verso una lunga discesa che punta a fondovalle\u2026\u201d. Gustoso preludio della \u2018salita della Lessinia\u2019 sar\u00e0 la salita \u2018della Cola\u2019 in zona Avesa, un\u2019ascesa di circa 6 km con una serie di sinuosi tornanti, lunghi rettilinei al 6-7% di pendenza e tratti pi\u00f9 dolci, che costituir\u00e0 il tratto cronometrato della GranFondo Avesani Luca, in uno dei punti pi\u00f9 avvincenti della competizione stessa.<\/p>\n<p>Al via del percorso \u2018classico\u2019 di 90 km \u00e8 atteso anche il primo cittadino di Verona, il sindaco Flavio Tosi.<\/p>\n<p>La sfilata finale dei ciclisti coincider\u00e0 con un altro arrivo trionfale, quello del GP Citt\u00e0 di Verona, un raduno internazionale di auto storiche che ripercorrer\u00e0 al contrario l\u2019itinerario svolto nella giornata precedente, partendo da Garda ed arrivando anch\u2019esso nel \u2018salotto di Verona\u2019, Piazza Br\u00e0, ove cicloamatori e turisti potranno gustarsi da vicino le \u2018vecchie signore\u2019, gloriose testimonianze della storia dell\u2019automobilismo mondiale. Questa parentesi \u2018culturale\u2019 far\u00e0 da cornice al \u2018pasta party\u2019 conclusivo della manifestazione dedicata alle due ruote, allestito per l\u2019occasione al Palazzo della Gran Guardia, e chi meglio del Pastificio Avesani potrebbe essere stato incaricato di sfornare leccornie d\u2019ogni tipo?<\/p>\n<p>Info: <a href=\"http:\/\/www.granfondoavesaniluca.com\/\">www.granfondoavesaniluca.com<\/a><\/p>\n","protected":false},"excerpt":{"rendered":"<p>Il 1\u00b0 maggio GranFondo Avesani Luca a Verona. Anche il sindaco Tosi atteso al via Iscrizioni a 25 euro con l\u2019aggiunta di 10 euro fino al 27 aprile La salita \u2018della Cola\u2019 costituir\u00e0 il tratto cronometrato della manifestazione ciclistica Pasta party al Palazzo della Gran Guardia con prodotti freschi del Pastificio Avesani &nbsp; &nbsp; Prosegue [&hellip;]<\/p>\n","protected":false},"author":15,"featured_media":0,"comment_status":"open","ping_status":"open","sticky":false,"template":"","format":"standard","meta":{"footnotes":""},"categories":[15],"tags":[],"class_list":["post-9301","post","type-post","status-publish","format-standard","hentry","category-sport"],"_links":{"self":[{"href":"https:\/\/www.area-press.eu\/comunicatistampa\/wp-json\/wp\/v2\/posts\/9301","targetHints":{"allow":["GET"]}}],"collection":[{"href":"https:\/\/www.area-press.eu\/comunicatistampa\/wp-json\/wp\/v2\/posts"}],"about":[{"href":"https:\/\/www.area-press.eu\/comunicatistampa\/wp-json\/wp\/v2\/types\/post"}],"author":[{"embeddable":true,"href":"https:\/\/www.area-press.eu\/comunicatistampa\/wp-json\/wp\/v2\/users\/15"}],"replies":[{"embeddable":true,"href":"https:\/\/www.area-press.eu\/comunicatistampa\/wp-json\/wp\/v2\/comments?post=9301"}],"version-history":[{"count":1,"href":"https:\/\/www.area-press.eu\/comunicatistampa\/wp-json\/wp\/v2\/posts\/9301\/revisions"}],"predecessor-version":[{"id":9302,"href":"https:\/\/www.area-press.eu\/comunicatistampa\/wp-json\/wp\/v2\/posts\/9301\/revisions\/9302"}],"wp:attachment":[{"href":"https:\/\/www.area-press.eu\/comunicatistampa\/wp-json\/wp\/v2\/media?parent=9301"}],"wp:term":[{"taxonomy":"category","embeddable":true,"href":"https:\/\/www.area-press.eu\/comunicatistampa\/wp-json\/wp\/v2\/categories?post=9301"},{"taxonomy":"post_tag","embeddable":true,"href":"https:\/\/www.area-press.eu\/comunicatistampa\/wp-json\/wp\/v2\/tags?post=9301"}],"curies":[{"name":"wp","href":"https:\/\/api.w.org\/{rel}","templated":true}]}}