{"id":9260,"date":"2016-04-20T13:52:25","date_gmt":"2016-04-20T11:52:25","guid":{"rendered":"http:\/\/www.area-press.eu\/comunicatistampa\/?p=9260"},"modified":"2016-04-20T13:52:25","modified_gmt":"2016-04-20T11:52:25","slug":"valdinon-bike-raddoppia-i-premi-della-lotteria-8a-edizione-dell8-maggio-a-tariffe-agevolate","status":"publish","type":"post","link":"https:\/\/www.area-press.eu\/comunicatistampa\/2016\/04\/20\/valdinon-bike-raddoppia-i-premi-della-lotteria-8a-edizione-dell8-maggio-a-tariffe-agevolate\/","title":{"rendered":"VALDINON BIKE RADDOPPIA I PREMI DELLA LOTTERIA,  8\u00aa EDIZIONE DELL\u20198 MAGGIO A TARIFFE AGEVOLATE"},"content":{"rendered":"<p>ValdiNon Bike in partenza l\u20198 maggio da Cavareno (TN)<\/p>\n<p>Iscrizioni agevolate a disposizione dei bikers fino al 23 aprile<\/p>\n<p>ValdiNon SportGestion regala agli appassionati una \u2018fornita\u2019 lotteria<\/p>\n<p>Tariffe cumulative di Trentino MTB a disposizione fino al 6 maggio<\/p>\n<p>&nbsp;<\/p>\n<p>&nbsp;<\/p>\n<p>Il numero otto \u00e8 uno dei simboli pi\u00f9 antichi, il numero della rosa dei venti, della torre ottagonale ateniese e dei petali del loto che, secondo la terminologia buddista, indicano i \u201csentieri della Via\u201d.<\/p>\n<p>Via che i bikers intraprenderanno lungo i 43 km e 1.220 metri di dislivello dell\u2019ottava edizione della \u201cValdiNon Bike\u201d, in partenza proprio l\u20198 maggio da Cavareno (TN). L\u2019otto \u00e8 universalmente considerato il numero dell&#8217;equilibrio cosmico e, per essere tale, deve necessariamente \u2018dotarsi\u2019 di un punto di partenza su cui poggiarsi, rappresentato in questo caso proprio dalla competizione della \u2018valle delle mele\u2019 dedicata alla mountain bike, autentica rampa di lancio e punto fermo del circuito Trentino MTB, capace di mostrare al mondo la destrezza e l\u2019abilit\u00e0 dei propri atleti impegnandoli in sei tappe fino al 2 ottobre.<\/p>\n<p>Le iscrizioni agevolate per partecipare alla \u201cValdiNon Bike\u201d rimarranno immutate alla quota di 28 euro sino al 23 aprile, dopodich\u00e9 subiranno un leggero innalzamento. Per i bikers e per tutti gli appassionati \u00e8 a disposizione anche una lotteria al costo di 1 euro al biglietto che, in vista dell\u2019ottava edizione, ha raddoppiato i premi, ben 20 in totale. I primi tre saranno buoni d\u2019acquisto merce rispettivamente di 2.000, 1.000 e 500 euro, da spendersi nelle strutture indicate dal comitato organizzatore ValdiNon SportGestion. Il quarto premio sar\u00e0 un cellulare Samsung A5, e via a scalare con un Kenwood pasta maker, altri buoni d\u2019acquisto merce del valore di 300 euro, un cellulare Samsung A3, buoni d\u2019acquisto merce di 200 euro, un trapano Dewalt 10.8, buoni d\u2019acquisto per quattro pneumatici, una smerigliatrice Dewalt 230, un faro con pannello solare, un battimaterasso elettrico, altri cinque buoni d\u2019acquisto merce del valore di 100 euro cadauno, un avvitatore Rupens 10.8 ed un ferro da stiro.<\/p>\n<p>La gara partir\u00e0 ed arriver\u00e0 a Cavareno, e sar\u00e0 un gustoso preludio del prosieguo del challenge Trentino MTB, impegnato con la \u201c100 Km dei Forti\u201d di Lavarone del 12 giugno, la \u201cDolomitica Brenta Bike\u201d di Pinzolo del 26 giugno, \u201cLa Vecia Ferovia dela Val de Fiemme\u201d di Molina di Fiemme del 7 agosto, la \u201cVal di Sole Marathon\u201d di Mal\u00e8 del 28 agosto e la \u201c3TBIKE\u201d di Telve Valsugana del 2 ottobre che chiuder\u00e0 l\u2019annata dedicata alla passione per le ruote grasse. Sia la \u201cDolomitica Brenta Bike\u201d che la \u201cValdiNon Bike\u201d assegneranno agli atleti una maggiorazione del 20% sui punteggi ottenuti.<\/p>\n<p>Bikers che avranno ancora tempo fino al 6 maggio per sfruttare le tariffe cumulative del circuito, costituite da 140 euro contrariamente ai 168 previsti per chi s\u2019iscriver\u00e0 a tutte e sei le gare, da 120 euro anzich\u00e9 140 euro per chi parteciper\u00e0 a cinque gare su sei, indicando anticipatamente quale manifestazione s\u2019intender\u00e0 \u2018saltare\u2019 e i percorsi in cui ci si vorr\u00e0 mettere alla prova. Vantaggi a disposizione anche per le squadre, grazie alle \u201cOfferte Speciali Team\u201d 3&#215;2 e 2&#215;1, che concederanno un\u2019iscrizione gratuita ogni tre per team composti da sette a dodici atleti, ed un\u2019iscrizione gratuita ogni due per gruppi di tredici o pi\u00f9 bikers.<\/p>\n<p>Info: <a href=\"http:\/\/www.valdinonbike.com\/\">www.valdinonbike.com<\/a> e <a href=\"http:\/\/www.trentinomtb.com\/\">www.trentinomtb.com<\/a><\/p>\n","protected":false},"excerpt":{"rendered":"<p>ValdiNon Bike in partenza l\u20198 maggio da Cavareno (TN) Iscrizioni agevolate a disposizione dei bikers fino al 23 aprile ValdiNon SportGestion regala agli appassionati una \u2018fornita\u2019 lotteria Tariffe cumulative di Trentino MTB a disposizione fino al 6 maggio &nbsp; &nbsp; Il numero otto \u00e8 uno dei simboli pi\u00f9 antichi, il numero della rosa dei venti, [&hellip;]<\/p>\n","protected":false},"author":15,"featured_media":0,"comment_status":"open","ping_status":"open","sticky":false,"template":"","format":"standard","meta":{"footnotes":""},"categories":[29],"tags":[],"class_list":["post-9260","post","type-post","status-publish","format-standard","hentry","category-comunicati"],"_links":{"self":[{"href":"https:\/\/www.area-press.eu\/comunicatistampa\/wp-json\/wp\/v2\/posts\/9260","targetHints":{"allow":["GET"]}}],"collection":[{"href":"https:\/\/www.area-press.eu\/comunicatistampa\/wp-json\/wp\/v2\/posts"}],"about":[{"href":"https:\/\/www.area-press.eu\/comunicatistampa\/wp-json\/wp\/v2\/types\/post"}],"author":[{"embeddable":true,"href":"https:\/\/www.area-press.eu\/comunicatistampa\/wp-json\/wp\/v2\/users\/15"}],"replies":[{"embeddable":true,"href":"https:\/\/www.area-press.eu\/comunicatistampa\/wp-json\/wp\/v2\/comments?post=9260"}],"version-history":[{"count":1,"href":"https:\/\/www.area-press.eu\/comunicatistampa\/wp-json\/wp\/v2\/posts\/9260\/revisions"}],"predecessor-version":[{"id":9261,"href":"https:\/\/www.area-press.eu\/comunicatistampa\/wp-json\/wp\/v2\/posts\/9260\/revisions\/9261"}],"wp:attachment":[{"href":"https:\/\/www.area-press.eu\/comunicatistampa\/wp-json\/wp\/v2\/media?parent=9260"}],"wp:term":[{"taxonomy":"category","embeddable":true,"href":"https:\/\/www.area-press.eu\/comunicatistampa\/wp-json\/wp\/v2\/categories?post=9260"},{"taxonomy":"post_tag","embeddable":true,"href":"https:\/\/www.area-press.eu\/comunicatistampa\/wp-json\/wp\/v2\/tags?post=9260"}],"curies":[{"name":"wp","href":"https:\/\/api.w.org\/{rel}","templated":true}]}}