{"id":9254,"date":"2016-04-20T13:52:25","date_gmt":"2016-04-20T11:52:25","guid":{"rendered":"http:\/\/www.area-press.eu\/comunicatistampa\/?p=9254"},"modified":"2016-04-20T13:52:25","modified_gmt":"2016-04-20T11:52:25","slug":"avv-carra-diritto-al-cibo-legge-di-civilta","status":"publish","type":"post","link":"https:\/\/www.area-press.eu\/comunicatistampa\/2016\/04\/20\/avv-carra-diritto-al-cibo-legge-di-civilta\/","title":{"rendered":"Avv. Carra: diritto al cibo legge di civilt\u00e0"},"content":{"rendered":"<p>Approvata all\u2019unanimit\u00e0, questo pomeriggio, in Consiglio regionale, la risoluzione sul diritto al cibo e lo sviluppo dei sistemi agroalimentari sostenibili. Convintamente a favore il Gruppo regionale del Pd che ha dato un sostanziale contributo al testo dell\u2019atto.<br \/>\n\u201cIl diritto al cibo, strettamente connesso al tema dello sviluppo dei sistemi agroalimentari sostenibili, \u00e8 stato inserito come fondamentale nella Dichiarazione dei diritti dell\u2019uomo del 1948 \u2013 ha ricordato Marco Carra, consigliere regionale del Pd e capogruppo in VIII Commissione Agricoltura, nel suo intervento \u2013. Ed \u00e8 stato poi riaffermato dall\u2019Onu nel 1966, nel Patto sui diritti economico-sociali e culturali e nella Dichiarazione del millennio, nel 2000. In quest\u2019ultimo atto, si sanciva che fosse un obiettivo da raggiungere nel 2015. Siamo ancora lontani, perch\u00e9 molte popolazioni soffrono ancora della mancanza di un\u2019alimentazione quotidiana, sana, corretta. \u00c8 una questione di sovranit\u00e0 alimentare e produttiva, perch\u00e9 il diritto al cibo \u00e8 strettamente legato a scelte e pratiche politiche\u201d.<br \/>\nCarra ha, poi, fatto presente quali impegni abbia caldeggiato: \u201cLa filiera corta come elemento fondante e fondamentale dei nostri sistemi che potrebbe trasformarsi in una legge di Regione Lombardia. Il tema dei consumi idrici ed energetici. La premialit\u00e0 per il contenimento del consumo di suolo agricolo, inteso, appunto come salvaguardia. La difesa della redditivit\u00e0 delle aziende che tengono alta la lotta alla contraffazione\u201d.<br \/>\nInoltre, ha sottolineato come \u201cla qualit\u00e0 del cibo prodotto si traduce in sicurezza alimentare\u201d.<\/p>\n","protected":false},"excerpt":{"rendered":"<p>Approvata all\u2019unanimit\u00e0, questo pomeriggio, in Consiglio regionale, la risoluzione sul diritto al cibo e lo sviluppo dei sistemi agroalimentari sostenibili. Convintamente a favore il Gruppo regionale del Pd che ha dato un sostanziale contributo al testo dell\u2019atto. \u201cIl diritto al cibo, strettamente connesso al tema dello sviluppo dei sistemi agroalimentari sostenibili, \u00e8 stato inserito come [&hellip;]<\/p>\n","protected":false},"author":2860,"featured_media":0,"comment_status":"open","ping_status":"open","sticky":false,"template":"","format":"standard","meta":{"footnotes":""},"categories":[4],"tags":[6998,6999,7000],"class_list":["post-9254","post","type-post","status-publish","format-standard","hentry","category-attualita-e-societa","tag-diritto-al-cibo","tag-filiera-corta","tag-marco-carra"],"_links":{"self":[{"href":"https:\/\/www.area-press.eu\/comunicatistampa\/wp-json\/wp\/v2\/posts\/9254","targetHints":{"allow":["GET"]}}],"collection":[{"href":"https:\/\/www.area-press.eu\/comunicatistampa\/wp-json\/wp\/v2\/posts"}],"about":[{"href":"https:\/\/www.area-press.eu\/comunicatistampa\/wp-json\/wp\/v2\/types\/post"}],"author":[{"embeddable":true,"href":"https:\/\/www.area-press.eu\/comunicatistampa\/wp-json\/wp\/v2\/users\/2860"}],"replies":[{"embeddable":true,"href":"https:\/\/www.area-press.eu\/comunicatistampa\/wp-json\/wp\/v2\/comments?post=9254"}],"version-history":[{"count":1,"href":"https:\/\/www.area-press.eu\/comunicatistampa\/wp-json\/wp\/v2\/posts\/9254\/revisions"}],"predecessor-version":[{"id":9256,"href":"https:\/\/www.area-press.eu\/comunicatistampa\/wp-json\/wp\/v2\/posts\/9254\/revisions\/9256"}],"wp:attachment":[{"href":"https:\/\/www.area-press.eu\/comunicatistampa\/wp-json\/wp\/v2\/media?parent=9254"}],"wp:term":[{"taxonomy":"category","embeddable":true,"href":"https:\/\/www.area-press.eu\/comunicatistampa\/wp-json\/wp\/v2\/categories?post=9254"},{"taxonomy":"post_tag","embeddable":true,"href":"https:\/\/www.area-press.eu\/comunicatistampa\/wp-json\/wp\/v2\/tags?post=9254"}],"curies":[{"name":"wp","href":"https:\/\/api.w.org\/{rel}","templated":true}]}}