{"id":9188,"date":"2016-04-19T13:10:40","date_gmt":"2016-04-19T11:10:40","guid":{"rendered":"http:\/\/www.area-press.eu\/comunicatistampa\/?p=9188"},"modified":"2016-04-19T13:10:40","modified_gmt":"2016-04-19T11:10:40","slug":"riprese-video-con-i-dispositivi-gopro","status":"publish","type":"post","link":"https:\/\/www.area-press.eu\/comunicatistampa\/2016\/04\/19\/riprese-video-con-i-dispositivi-gopro\/","title":{"rendered":"Riprese video con i dispositivi GoPro"},"content":{"rendered":"<p>Parlando di <strong>riprese video dinamiche<\/strong> si parla sicuramente di <strong>dispositivi GoPro<\/strong>, una novit\u00e0 che negli ultimi anni ha conquistato il cuore degli appassionati per la precisione, l\u2019accuratezza e la qualit\u00e0 di questi articoli straordinari. Chi desidera immortalare <strong>ogni tipo di sport estremo<\/strong> desidera fare in modo che la qualit\u00e0 di quello che sta riprendendo sia eccellente, ecco perch\u00e9 gli appassionati vogliono scegliere uno strumento che abbia una qualit\u00e0 dell\u2019immagine eccellente e che riesca a catturare in modo del tutto fedele <strong>i movimenti e la velocit\u00e0 dimostrata durante l\u2019azione sportiva<\/strong>.<br \/>\n<img loading=\"lazy\" decoding=\"async\" class=\"alignleft\" src=\"http:\/\/www.desimoniparma.com\/assets\/images\/pages\/noleggio-gopro_big.jpg\" alt=\"foto di Gopro Parma\" width=\"476\" height=\"204\" \/>Solo in questo modo si potr\u00e0 ottenere splendidi video molto pi\u00f9 interessanti di quelli che si potevano fare prima di <strong>avere a disposizione questo tipo di strumentazione<\/strong>: i video potranno essere conservati e persino condivisi sui social network per dimostrare il livello delle proprie performance. Ma le GoPro sono non servono soltanto per filmare le proprie gesta sportive e per farsi i video mentre si \u00e8 alle prese con attivit\u00e0 sportive spettacolari.<br \/>\nMa <strong>l\u2019impiego di questa strumentazione<\/strong> \u00e8 pi\u00f9 ampio di quanto si creda nell\u2019immaginario collettivo: le action camera dispongono di un potente grandangolo e per questo diventano ideali per riprendere concerti, fare video per le guide lungo le strade o anche per riprendere momenti di attivit\u00e0 all\u2019aria aperta con la famiglia. Lo sapevate che GoPro \u00e8 stata utilizzata anche per girare dei cortometraggi? Per noleggiare una <a href=\"http:\/\/www.desimoniparma.com\/ita\/noleggio-gopro.html\"><strong>Gopro a Parma<\/strong><\/a> rivolgiti all\u2019esperienza di De Simoni.<\/p>\n","protected":false},"excerpt":{"rendered":"<p>Parlando di riprese video dinamiche si parla sicuramente di dispositivi GoPro, una novit\u00e0 che negli ultimi anni ha conquistato il cuore degli appassionati per la precisione, l\u2019accuratezza e la qualit\u00e0 di questi articoli straordinari. Chi desidera immortalare ogni tipo di sport estremo desidera fare in modo che la qualit\u00e0 di quello che sta riprendendo sia [&hellip;]<\/p>\n","protected":false},"author":18,"featured_media":0,"comment_status":"open","ping_status":"open","sticky":false,"template":"","format":"standard","meta":{"footnotes":""},"categories":[18],"tags":[6946],"class_list":["post-9188","post","type-post","status-publish","format-standard","hentry","category-altri-vari","tag-gopro-parma"],"_links":{"self":[{"href":"https:\/\/www.area-press.eu\/comunicatistampa\/wp-json\/wp\/v2\/posts\/9188","targetHints":{"allow":["GET"]}}],"collection":[{"href":"https:\/\/www.area-press.eu\/comunicatistampa\/wp-json\/wp\/v2\/posts"}],"about":[{"href":"https:\/\/www.area-press.eu\/comunicatistampa\/wp-json\/wp\/v2\/types\/post"}],"author":[{"embeddable":true,"href":"https:\/\/www.area-press.eu\/comunicatistampa\/wp-json\/wp\/v2\/users\/18"}],"replies":[{"embeddable":true,"href":"https:\/\/www.area-press.eu\/comunicatistampa\/wp-json\/wp\/v2\/comments?post=9188"}],"version-history":[{"count":1,"href":"https:\/\/www.area-press.eu\/comunicatistampa\/wp-json\/wp\/v2\/posts\/9188\/revisions"}],"predecessor-version":[{"id":9191,"href":"https:\/\/www.area-press.eu\/comunicatistampa\/wp-json\/wp\/v2\/posts\/9188\/revisions\/9191"}],"wp:attachment":[{"href":"https:\/\/www.area-press.eu\/comunicatistampa\/wp-json\/wp\/v2\/media?parent=9188"}],"wp:term":[{"taxonomy":"category","embeddable":true,"href":"https:\/\/www.area-press.eu\/comunicatistampa\/wp-json\/wp\/v2\/categories?post=9188"},{"taxonomy":"post_tag","embeddable":true,"href":"https:\/\/www.area-press.eu\/comunicatistampa\/wp-json\/wp\/v2\/tags?post=9188"}],"curies":[{"name":"wp","href":"https:\/\/api.w.org\/{rel}","templated":true}]}}