{"id":9186,"date":"2016-04-19T13:10:40","date_gmt":"2016-04-19T11:10:40","guid":{"rendered":"http:\/\/www.area-press.eu\/comunicatistampa\/?p=9186"},"modified":"2016-04-19T13:10:40","modified_gmt":"2016-04-19T11:10:40","slug":"federica-siri-nominata-marketing-trade-marketing-manager-di-rizzoli-emanuelli","status":"publish","type":"post","link":"https:\/\/www.area-press.eu\/comunicatistampa\/2016\/04\/19\/federica-siri-nominata-marketing-trade-marketing-manager-di-rizzoli-emanuelli\/","title":{"rendered":"Federica Siri nominata Marketing &amp; Trade Marketing Manager di Rizzoli Emanuelli"},"content":{"rendered":"<table width=\"612\">\n<tbody>\n<tr>\n<td width=\"612\">Comunicato Stampa<\/p>\n<p>&nbsp;<\/p>\n<p>&nbsp;<\/p>\n<p><strong>Federica Siri nominata Marketing &amp; Trade Marketing Manager<\/strong><\/p>\n<p><strong>di Rizzoli Emanuelli<\/strong><\/p>\n<p><em>\u00a0<\/em><\/p>\n<p><em>Gi\u00e0 in azienda dal 2004 con incarichi di crescente responsabilit\u00e0, nel nuovo ruolo si occuper\u00e0 di sviluppare e gestire le strategie tese a rafforzare il posizionamento del brand nei mercati di riferimento.<\/em><\/p>\n<p>&nbsp;<\/p>\n<p>Parma, 19 aprile 2016 \u2013 Rizzoli Emanuelli, storica azienda di Parma specializzata dal 1906 nella produzione di conserve ittiche di qualit\u00e0, annuncia di aver affidato a Federica Siri il coordinamento delle attivit\u00e0 di Marketing e Trade Marketing.<\/p>\n<p>&nbsp;<\/p>\n<p>Nel nuovo incarico si occuper\u00e0 di implementare le strategie di marketing all\u2019interno di un progetto di consolidamento del brand a livello nazionale e internazionale, curando il lancio di prodotti innovativi, pianificando e controllandone anche la distribuzione in tutti i canali.<\/p>\n<p>&nbsp;<\/p>\n<p>Federica Siri ha frequentato il corso di Laurea in consulente del lavoro all\u2019Universit\u00e0 di Parma, specializzandosi poi in finanza aziendale e controllo di gestione. Prima di approdare in Rizzoli Emanuelli ha collaborato con importanti realt\u00e0 del settore come Mutti, dove \u00e8 entrata come Responsabile del back office estero per estendere poi la posizione al coordinamento dell\u2019ufficio commerciale con funzione di controllo e gestione.<\/p>\n<p>&nbsp;<\/p>\n<p><em>\u201cSono entusiasta di questa crescita all\u2019interno di Rizzoli Emanuelli, un\u2019azienda dinamica che punta a consolidare la presenza sia in Italia che all\u2019estero, con un importante marchio e valori. Questo nuovo incarico rappresenta per me una sfida stimolante, utilizzer\u00f2 l\u2019esperienza maturata per contribuire al raggiungimento di nuovi e rilevanti traguardi\u201d,<\/em> ha sottolineato Federica Siri.<\/p>\n<p>&nbsp;<\/td>\n<\/tr>\n<\/tbody>\n<\/table>\n","protected":false},"excerpt":{"rendered":"<p>Comunicato Stampa &nbsp; &nbsp; Federica Siri nominata Marketing &amp; Trade Marketing Manager di Rizzoli Emanuelli \u00a0 Gi\u00e0 in azienda dal 2004 con incarichi di crescente responsabilit\u00e0, nel nuovo ruolo si occuper\u00e0 di sviluppare e gestire le strategie tese a rafforzare il posizionamento del brand nei mercati di riferimento. &nbsp; Parma, 19 aprile 2016 \u2013 Rizzoli [&hellip;]<\/p>\n","protected":false},"author":1326,"featured_media":0,"comment_status":"open","ping_status":"open","sticky":false,"template":"","format":"standard","meta":{"footnotes":""},"categories":[9],"tags":[],"class_list":["post-9186","post","type-post","status-publish","format-standard","hentry","category-gastronomia"],"_links":{"self":[{"href":"https:\/\/www.area-press.eu\/comunicatistampa\/wp-json\/wp\/v2\/posts\/9186","targetHints":{"allow":["GET"]}}],"collection":[{"href":"https:\/\/www.area-press.eu\/comunicatistampa\/wp-json\/wp\/v2\/posts"}],"about":[{"href":"https:\/\/www.area-press.eu\/comunicatistampa\/wp-json\/wp\/v2\/types\/post"}],"author":[{"embeddable":true,"href":"https:\/\/www.area-press.eu\/comunicatistampa\/wp-json\/wp\/v2\/users\/1326"}],"replies":[{"embeddable":true,"href":"https:\/\/www.area-press.eu\/comunicatistampa\/wp-json\/wp\/v2\/comments?post=9186"}],"version-history":[{"count":1,"href":"https:\/\/www.area-press.eu\/comunicatistampa\/wp-json\/wp\/v2\/posts\/9186\/revisions"}],"predecessor-version":[{"id":9187,"href":"https:\/\/www.area-press.eu\/comunicatistampa\/wp-json\/wp\/v2\/posts\/9186\/revisions\/9187"}],"wp:attachment":[{"href":"https:\/\/www.area-press.eu\/comunicatistampa\/wp-json\/wp\/v2\/media?parent=9186"}],"wp:term":[{"taxonomy":"category","embeddable":true,"href":"https:\/\/www.area-press.eu\/comunicatistampa\/wp-json\/wp\/v2\/categories?post=9186"},{"taxonomy":"post_tag","embeddable":true,"href":"https:\/\/www.area-press.eu\/comunicatistampa\/wp-json\/wp\/v2\/tags?post=9186"}],"curies":[{"name":"wp","href":"https:\/\/api.w.org\/{rel}","templated":true}]}}