{"id":9150,"date":"2016-04-19T13:10:39","date_gmt":"2016-04-19T11:10:39","guid":{"rendered":"http:\/\/www.area-press.eu\/comunicatistampa\/?p=9150"},"modified":"2016-04-19T13:10:39","modified_gmt":"2016-04-19T11:10:39","slug":"casarotto-vuole-ruggire-nellirc-cup-2016","status":"publish","type":"post","link":"https:\/\/www.area-press.eu\/comunicatistampa\/2016\/04\/19\/casarotto-vuole-ruggire-nellirc-cup-2016\/","title":{"rendered":"CASAROTTO VUOLE RUGGIRE NELL&#8217;IRC CUP 2016"},"content":{"rendered":"<h2>Il pilota di Villaverla, dopo un anno di rodaggio chiuso al secondo posto, punta al bersaglio grosso al volante di una Peugeot 208 del team Munaretto.<\/h2>\n<p>Villaverla (Vi), 19 Aprile 2016 \u2013 \u00c8 giunta nelle ultime giornate l&#8217;ufficialit\u00e0 della firma siglata tra Andrea Casarotto ed il team Munaretto con il chiaro intento di tentare l&#8217;assalto all&#8217;International Rally Cup 2016.<br \/>\nDopo un anno di vincente ambientazione in una delle serie pi\u00f9 apprezzate a livello nazionale il driver di Villaverla ha deciso di compiere il passo pi\u00f9 importante per cercare un risultato di prestigio e quale modo migliore per farlo se non quello di affidarsi ad uno dei top team italiani.<br \/>\nIl successo mancato per un soffio nella passata stagione, con il grosso tallone di Achille dell&#8217;assenza nel round di apertura sull&#8217;Isola d&#8217;Elba, ha reso le idee ben chiare nella mente di Casarotto che per questa nuova e stimolante sfida \u00e8 riuscito, grazie al supporto dei propri partners e alla supervisione della scuderia Best Racing Team, ad imbastire il programma completo che lo vedr\u00e0 quindi al via di tutti gli appuntamenti previsti dal calendario 2016.<\/p>\n<blockquote><p>\u201cIl nostro primo approccio nell&#8217;International Rally Cup \u00e8 stato decisamente positivo\u201d \u2013 racconta Casarotto \u2013 \u201cperch\u00e8 terminare da vice campioni avendo disuptato tre eventi su quattro, su strade mai viste, \u00e8 da considerarsi un pi\u00f9 che positivo debutto. Per questo nuovo impegno abbiamo optato per affidarci al team Munaretto, che ringrazio sin da ora per la fiducia accordata, in quanto la loro esperienza in competizioni di elevato livello nonch\u00e9 la qualit\u00e0 dei mezzi a disposizione saranno sicuramente fattori chiave in grado di sostenerci nel corso della stagione. Poi abbiamo anche dato un tocco di campanilismo al tutto essendo entrambe dalla provincia di Vicenza, un motivo in pi\u00f9 per dare il massimo\u201d.<\/p><\/blockquote>\n<p>L&#8217;edizione alle porte dell&#8217;IRC Cup, che potr\u00e0 fregiarsi anche quest&#8217;anno di un brand di primo piano quale Pirelli in qualit\u00e0 di main sponsor, prevede l&#8217;apertura delle ostilit\u00e0 sportive con il classico Rally del Taro al quale seguir\u00e0 il Rally del Casentino, con coefficiente 1,5, per chiudere con il Rally delle Valli Cuneesi a coefficiente 2,5.<br \/>\nIl team Munaretto metter\u00e0 a disposizione di Casarotto una performante Peugeot 208 di classe R2B con la quale il portacolori della Best Racing Team cercher\u00e0 di farsi largo in uno dei contesti pi\u00f9 competitivi sentendo i rumors della vigilia.<br \/>\nAd affiancare il pilota vicentino, per l&#8217;intero campionato, troveremo Stefano Costi con il quale nel 2015 si cre\u00f2 un binomio in grado di stendere la concorrenza all&#8217;esordio, senza diritto di replica, al Taro ed al Casentino.<br \/>\nAltro fattore determinante sar\u00e0 l&#8217;esperienza acquisita da Casarotto in virt\u00f9 di un calendario che prevede appuntamenti gi\u00e0 affrontati nella scorsa edizione lasciando presagire un futuro roseo.<br \/>\nNelle prossime giornate \u00e8 gi\u00e0 programmata una sessione di test per consentire una prima presa di contatto con la piccola ma agguerrita Peugeot 208 griffata Munaretto.<\/p>\n<blockquote><p>\u201cPartiamo sicuramente da uno scalino diverso rispetto al 2015\u201d \u2013 sottolinea Casarotto \u2013 \u201ce sono molto contento di poter condividere l&#8217;abitacolo con Stefano Costi con il quale abbiamo centrato due vittorie su due partecipazioni. Anche il programma dell&#8217;IRC Cup ci sorride visto che sono previsti gli stessi eventi ai quali abbiamo partecipato e ci\u00f2 potr\u00e0 aiutarci e non poco. Abbiamo un pacchetto al top con il team Munaretto e ora sta a noi farlo rendere al massimo. Un particolare pensiero va al compianto Lucianone che correr\u00e0 al nostro fianco in questo IRC Cup\u201d.<\/p><\/blockquote>\n","protected":false},"excerpt":{"rendered":"<p>Il pilota di Villaverla, dopo un anno di rodaggio chiuso al secondo posto, punta al bersaglio grosso al volante di una Peugeot 208 del team Munaretto. Villaverla (Vi), 19 Aprile 2016 \u2013 \u00c8 giunta nelle ultime giornate l&#8217;ufficialit\u00e0 della firma siglata tra Andrea Casarotto ed il team Munaretto con il chiaro intento di tentare l&#8217;assalto [&hellip;]<\/p>\n","protected":false},"author":37,"featured_media":0,"comment_status":"open","ping_status":"open","sticky":false,"template":"","format":"standard","meta":{"footnotes":""},"categories":[15],"tags":[530,1364,535,6857,6856,6858,6855],"class_list":["post-9150","post","type-post","status-publish","format-standard","hentry","category-sport","tag-andrea-casarotto","tag-best-racing-team","tag-international-rally-cup","tag-irc-cup","tag-munaretto","tag-peugeot-208","tag-power-car-team"],"_links":{"self":[{"href":"https:\/\/www.area-press.eu\/comunicatistampa\/wp-json\/wp\/v2\/posts\/9150","targetHints":{"allow":["GET"]}}],"collection":[{"href":"https:\/\/www.area-press.eu\/comunicatistampa\/wp-json\/wp\/v2\/posts"}],"about":[{"href":"https:\/\/www.area-press.eu\/comunicatistampa\/wp-json\/wp\/v2\/types\/post"}],"author":[{"embeddable":true,"href":"https:\/\/www.area-press.eu\/comunicatistampa\/wp-json\/wp\/v2\/users\/37"}],"replies":[{"embeddable":true,"href":"https:\/\/www.area-press.eu\/comunicatistampa\/wp-json\/wp\/v2\/comments?post=9150"}],"version-history":[{"count":1,"href":"https:\/\/www.area-press.eu\/comunicatistampa\/wp-json\/wp\/v2\/posts\/9150\/revisions"}],"predecessor-version":[{"id":9151,"href":"https:\/\/www.area-press.eu\/comunicatistampa\/wp-json\/wp\/v2\/posts\/9150\/revisions\/9151"}],"wp:attachment":[{"href":"https:\/\/www.area-press.eu\/comunicatistampa\/wp-json\/wp\/v2\/media?parent=9150"}],"wp:term":[{"taxonomy":"category","embeddable":true,"href":"https:\/\/www.area-press.eu\/comunicatistampa\/wp-json\/wp\/v2\/categories?post=9150"},{"taxonomy":"post_tag","embeddable":true,"href":"https:\/\/www.area-press.eu\/comunicatistampa\/wp-json\/wp\/v2\/tags?post=9150"}],"curies":[{"name":"wp","href":"https:\/\/api.w.org\/{rel}","templated":true}]}}