{"id":9119,"date":"2016-04-18T22:30:29","date_gmt":"2016-04-18T20:30:29","guid":{"rendered":"http:\/\/www.area-press.eu\/comunicatistampa\/?p=9119"},"modified":"2016-04-18T22:30:29","modified_gmt":"2016-04-18T20:30:29","slug":"lallettante-programma-della-granfondo-fizik-sabato-sera-criterium-al-castello-di-marostica","status":"publish","type":"post","link":"https:\/\/www.area-press.eu\/comunicatistampa\/2016\/04\/18\/lallettante-programma-della-granfondo-fizik-sabato-sera-criterium-al-castello-di-marostica\/","title":{"rendered":"L\u2019ALLETTANTE PROGRAMMA DELLA GRANFONDO fi\u2019zi:k, SABATO SERA CRITERIUM AL CASTELLO DI MAROSTICA"},"content":{"rendered":"<p>Il 24 aprile settima edizione della Granfondo fi\u2019zi:k a Marostica (VI)<\/p>\n<p>Un Expo in Piazza Castello permetter\u00e0 di testare capi fi\u2019zi:k e collezione PEdAL ED<\/p>\n<p>Sabato 23 aprile alle 20.30 \u201cMarostica Oakley &amp; fi\u2019zi:k Criterium\u201d<\/p>\n<p>Continuano gli auguri dei campioni \u2018marchiati fi\u2019zi:k\u2019 ai concorrenti in vista di domenica<\/p>\n<p>&nbsp;<\/p>\n<p>&nbsp;<\/p>\n<p>Il programma della settima edizione della Granfondo fi\u2019zi:k \u2013 Citt\u00e0 di Marostica (VI) si presenta pi\u00f9 che mai denso di appuntamenti e di sfide ciclistiche, accompagnate da tour culturali e sfiziose iniziative. A cominciare da sabato 23 aprile, un giorno prima della competizione \u2018ufficiale\u2019, con un tour guidato al Castello di Marostica alle 15.30 e alle ore 18 offerto dal comitato organizzatore a tutti i presenti, sia di nazionalit\u00e0 italiana che straniera, con una particolare attenzione per i concorrenti austriaci, \u2018affiancati\u2019 da una guida di madrelingua tedesca ed \u2018affiliati\u2019 alla Granfondo fi\u2019zi:k grazie alla partnership con l\u2019Austria Top Tour.<\/p>\n<p>La giornata di sabato sar\u00e0 anche protagonista di un Expo dedicato al mondo del ciclismo, con assaggi di prodotti tipici ed alcune aree espositive in Piazza degli Scacchi a Marostica, in cui vi sar\u00e0 la possibilit\u00e0, per i concorrenti della Granfondo fi\u2019zi:k, di ritirare uno speciale regalo presso lo stand fi\u2019zi:k, testando il nuovo modello di scarpa road fi\u2019zi:k (R1B). In piazza Castello sar\u00e0 inoltre presente lo sponsor PEdAL ED, che esporr\u00e0 la nuova collezione e permetter\u00e0 di provare ed acquistare i capi. I visitatori avranno inoltre la possibilit\u00e0 di partecipare all\u2019estrazione di un kit PEdAL ED, tramite iscrizione effettuabile nell\u2019area espositiva dedicata. La nuova collezione del marchio ciclistico proporr\u00e0 l\u2019eccellenza del Made in Italy, in uno stile unico, dalle caratteristiche tecniche elevate e dall\u2019alta qualit\u00e0 dei materiali utilizzati, all\u2019insegna del perfetto equilibrio fra stile e funzionalit\u00e0.<\/p>\n<p>Alle 20.30 la sfida pi\u00f9 attesa di giornata, il \u201cMarostica Oakley &amp; fi\u2019zi:k Criterium\u201d, raccontato dalle parole del collaboratore Oakley Francesco Martucci, di supporto per gli eventi di \u2018Urban Cycling\u2019: \u201cPer la prima volta porteremo una gara di criterium in Veneto; nonostante sia una zona \u2018vitale\u2019 per il ciclismo italiano, una sfida a criterium vera e propria non c\u2019era mai stata. Il circuito si svolger\u00e0 attorno al Castello Inferiore di Marostica, garantiremo qualcosa di diverso rispetto al ciclismo classico, una gara senza freni, senza cambio, in un circuito di circa 1 km ripetuto pi\u00f9 volte per un totale di 30 giri. La gara sar\u00e0 piuttosto veloce, durer\u00e0 circa mezz\u2019ora, e dar\u00e0 la possibilit\u00e0 anche a chi non ha mai corso di provare questa curiosa disciplina, con una \u2018Urban Race\u2019 aperta a tutti, ed una \u2018Pro Race\u2019 riservata agli esperti. La competizione si svolger\u00e0 senza tappe intermedie o punti bonus, si decider\u00e0 tutto in una frazione di secondo, ci\u00f2 dar\u00e0 ancor pi\u00f9 spettacolarit\u00e0 alla competizione, la quale dovr\u00e0 necessariamente svolgersi con bici da pista, in un mix di velocit\u00e0 e adrenalina\u201d.<\/p>\n<p>Domenica 24 aprile, invece, toccher\u00e0 alla \u2018sfida delle sfide\u2019, la Granfondo fi\u2019zi:k \u2013 Citt\u00e0 di Marostica giunta alla settima edizione, con start nei pressi di Piazza degli Scacchi e tanti \u2018pro\u2019 invitati all\u2019evento di casa fi\u2019zi:k, come Elia Viviani del Team Sky in sella fi&#8217;zi:k Arione, Daniel Oss del BMC Racing Team, su selle fi\u2019zi:k Aliante e con scarpe fi\u2019zi:k R3B, Matteo Montaguti dell\u2019AG2R La Mondiale, su selle fi\u2019zi:k Arione e con scarpe fi\u2019zi:k R1B.<\/p>\n<p>fi\u2019zi:k \u00e8 un racing brand, con ben otto squadre del Word Tour a pedalare con selle fi\u2019zi:k, e una quarantina di atleti dotati di scarpe fi\u2019zi:k, corridori che giornalmente stanno portando il proprio saluto ai concorrenti della Granfondo, come l\u2019irlandese Nicolas Roche: \u201cDivertitevi con sempre un occhio alla strada!\u201d, il costaricano Andrey Amador: \u201cBuona fortuna a tutti i concorrenti della Granfondo fi\u2019zi:k\u201d, l\u2019americano Ian Boswell: \u201cRestate concentrati e godetevi la pedalata con gli amici\u201d, terminando con l\u2019augurio nostrano del toscano Kristian Sbaragli: \u201cIn bocca al lupo a tutti i partecipanti\u201d.<\/p>\n<p>Le iscrizioni per partecipare sono ancora disponibili, alla quota di 45 euro fino al 20 aprile e a 55 euro dal 21 al 23 aprile, \u2018comprensive\u2019 di un cappellino PEdAL ED, una bottiglia di vino Jeio della cantina Bisol, una borraccia ed un \u201ctiraleve\u201d Continental, un coupon dello sponsor Kask ed uno speciale omaggio fi\u2019zi:k a sorpresa.<\/p>\n<p>Info: <a href=\"http:\/\/www.granfondofizik.it\/\">www.granfondofizik.it<\/a><\/p>\n<p>&nbsp;<\/p>\n","protected":false},"excerpt":{"rendered":"<p>Il 24 aprile settima edizione della Granfondo fi\u2019zi:k a Marostica (VI) Un Expo in Piazza Castello permetter\u00e0 di testare capi fi\u2019zi:k e collezione PEdAL ED Sabato 23 aprile alle 20.30 \u201cMarostica Oakley &amp; fi\u2019zi:k Criterium\u201d Continuano gli auguri dei campioni \u2018marchiati fi\u2019zi:k\u2019 ai concorrenti in vista di domenica &nbsp; &nbsp; Il programma della settima edizione [&hellip;]<\/p>\n","protected":false},"author":15,"featured_media":0,"comment_status":"open","ping_status":"open","sticky":false,"template":"","format":"standard","meta":{"footnotes":""},"categories":[15],"tags":[],"class_list":["post-9119","post","type-post","status-publish","format-standard","hentry","category-sport"],"_links":{"self":[{"href":"https:\/\/www.area-press.eu\/comunicatistampa\/wp-json\/wp\/v2\/posts\/9119","targetHints":{"allow":["GET"]}}],"collection":[{"href":"https:\/\/www.area-press.eu\/comunicatistampa\/wp-json\/wp\/v2\/posts"}],"about":[{"href":"https:\/\/www.area-press.eu\/comunicatistampa\/wp-json\/wp\/v2\/types\/post"}],"author":[{"embeddable":true,"href":"https:\/\/www.area-press.eu\/comunicatistampa\/wp-json\/wp\/v2\/users\/15"}],"replies":[{"embeddable":true,"href":"https:\/\/www.area-press.eu\/comunicatistampa\/wp-json\/wp\/v2\/comments?post=9119"}],"version-history":[{"count":1,"href":"https:\/\/www.area-press.eu\/comunicatistampa\/wp-json\/wp\/v2\/posts\/9119\/revisions"}],"predecessor-version":[{"id":9120,"href":"https:\/\/www.area-press.eu\/comunicatistampa\/wp-json\/wp\/v2\/posts\/9119\/revisions\/9120"}],"wp:attachment":[{"href":"https:\/\/www.area-press.eu\/comunicatistampa\/wp-json\/wp\/v2\/media?parent=9119"}],"wp:term":[{"taxonomy":"category","embeddable":true,"href":"https:\/\/www.area-press.eu\/comunicatistampa\/wp-json\/wp\/v2\/categories?post=9119"},{"taxonomy":"post_tag","embeddable":true,"href":"https:\/\/www.area-press.eu\/comunicatistampa\/wp-json\/wp\/v2\/tags?post=9119"}],"curies":[{"name":"wp","href":"https:\/\/api.w.org\/{rel}","templated":true}]}}