{"id":9083,"date":"2016-04-18T16:03:19","date_gmt":"2016-04-18T14:03:19","guid":{"rendered":"http:\/\/www.area-press.eu\/comunicatistampa\/?p=9083"},"modified":"2016-04-18T16:03:19","modified_gmt":"2016-04-18T14:03:19","slug":"cori-velia-moroni-presenta-il-suo-libro-semplicemente-io-per-chi-sa-donare-un-sorriso","status":"publish","type":"post","link":"https:\/\/www.area-press.eu\/comunicatistampa\/2016\/04\/18\/cori-velia-moroni-presenta-il-suo-libro-semplicemente-io-per-chi-sa-donare-un-sorriso\/","title":{"rendered":"Cori: Velia Moroni presenta il suo libro \u2018Semplicemente io \u2026 Per chi sa donare un sorriso\u2019"},"content":{"rendered":"<p>Venerd\u00ec 22 Aprile, alle ore 17, nella Sala Conferenze del Museo della Citt\u00e0 e del Territorio di Cori, <strong>Velia Moroni<\/strong> presenter\u00e0 il suo primo libro <strong><em>\u2018Semplicemente io \u2026 Per chi sa donare un sorriso\u2019<\/em><\/strong>, edito da Omega Graf e lanciato da Barzilando. L\u2019evento, patrocinato dal Comune di Cori, sar\u00e0 condotto dall\u2019attrice <strong>Silvia Moroni<\/strong>.<\/p>\n<p>Una raccolta di <strong>poesie e racconti scritti in romanesco<\/strong>, dialetto che l\u2019autrice ha avuto modo di apprendere ed amare fin da bambina leggendo Trilussa e poi praticare nella capitale durante i suoi anni di servizio presso nell\u2019azienda dove lavorava fino al sopraggiungere della malattia.<\/p>\n<p>L\u2019<strong>aneurisma cerebrale<\/strong> che l\u2019ha colpita la sera del 9 Maggio 2014 \u00e8 il motivo ispiratore di quest\u2019opera, scritta subito dopo la corsa al pronto soccorso dell\u2019Ospedale Santa Maria Goretti di Latina e durante il ricovero al reparto di neurochirurgia, l\u2019attesa per il delicato intervento al cervello e poi ancora la degenza e la riabilitazione terapica conclusa nel Febbraio di quest\u2019anno.<\/p>\n<p>Un fiume di emozioni impresse nero su bianco. C\u2019\u00e8 un\u2019esistenza intera, la sua e di chi le stava accanto, vista con gli occhi e i sentimenti di chi combatte la battaglia decisiva, tra paure e speranze, con carattere e caparbiet\u00e0, sorretta dall\u2019amore dei propri cari, in particolare <strong>la figlia Chiara<\/strong>, giovane e coraggiosa, la prima a salvarle la vita chiamando i soccorsi e dandole la forza per resistere e non arrendersi.<\/p>\n<p>Oggi Velia sta bene, ha ribaltato l\u2019iniziale pronostico del 10% di probabilit\u00e0 di sopravvivenza, ma non dimentica quei momenti e le persone che le sono state vicine. Tra queste anche l\u2019<strong>equipe medica e paramedica <\/strong>del Goretti, guidata dal primario neurochirurgo, il prof. Stefano Savino, coadiuvato dai colleghi Lecce, Rasile, Petrella e Franco, che hanno dato prova di professionalit\u00e0 e tanta umanit\u00e0.<\/p>\n<p>E neppure quei <strong>pazienti<\/strong> con i quali ha condiviso gioie e dolori e tutti quelli che ogni giorno debbono continuare a lottare contro il male della salute, ricercando in ognuno quel po\u2019 di comprensione che dia un minimo di serenit\u00e0. A loro Velia far\u00e0 visita dopo la presentazione per donargli un sorriso, oltre ad una copia del libro \u2013 \u201c<em>solo se ci riuscir\u00f2, avr\u00f2 vinto definitivamente questa guerra\u201d<\/em> \u2013 spiega Velia.<\/p>\n","protected":false},"excerpt":{"rendered":"<p>Venerd\u00ec 22 Aprile, alle ore 17, nella Sala Conferenze del Museo della Citt\u00e0 e del Territorio di Cori, Velia Moroni presenter\u00e0 il suo primo libro \u2018Semplicemente io \u2026 Per chi sa donare un sorriso\u2019, edito da Omega Graf e lanciato da Barzilando. L\u2019evento, patrocinato dal Comune di Cori, sar\u00e0 condotto dall\u2019attrice Silvia Moroni. Una raccolta [&hellip;]<\/p>\n","protected":false},"author":659,"featured_media":0,"comment_status":"open","ping_status":"open","sticky":false,"template":"","format":"standard","meta":{"footnotes":""},"categories":[8],"tags":[],"class_list":["post-9083","post","type-post","status-publish","format-standard","hentry","category-eventi"],"_links":{"self":[{"href":"https:\/\/www.area-press.eu\/comunicatistampa\/wp-json\/wp\/v2\/posts\/9083","targetHints":{"allow":["GET"]}}],"collection":[{"href":"https:\/\/www.area-press.eu\/comunicatistampa\/wp-json\/wp\/v2\/posts"}],"about":[{"href":"https:\/\/www.area-press.eu\/comunicatistampa\/wp-json\/wp\/v2\/types\/post"}],"author":[{"embeddable":true,"href":"https:\/\/www.area-press.eu\/comunicatistampa\/wp-json\/wp\/v2\/users\/659"}],"replies":[{"embeddable":true,"href":"https:\/\/www.area-press.eu\/comunicatistampa\/wp-json\/wp\/v2\/comments?post=9083"}],"version-history":[{"count":1,"href":"https:\/\/www.area-press.eu\/comunicatistampa\/wp-json\/wp\/v2\/posts\/9083\/revisions"}],"predecessor-version":[{"id":9084,"href":"https:\/\/www.area-press.eu\/comunicatistampa\/wp-json\/wp\/v2\/posts\/9083\/revisions\/9084"}],"wp:attachment":[{"href":"https:\/\/www.area-press.eu\/comunicatistampa\/wp-json\/wp\/v2\/media?parent=9083"}],"wp:term":[{"taxonomy":"category","embeddable":true,"href":"https:\/\/www.area-press.eu\/comunicatistampa\/wp-json\/wp\/v2\/categories?post=9083"},{"taxonomy":"post_tag","embeddable":true,"href":"https:\/\/www.area-press.eu\/comunicatistampa\/wp-json\/wp\/v2\/tags?post=9083"}],"curies":[{"name":"wp","href":"https:\/\/api.w.org\/{rel}","templated":true}]}}