{"id":9074,"date":"2016-04-18T16:03:19","date_gmt":"2016-04-18T14:03:19","guid":{"rendered":"http:\/\/www.area-press.eu\/comunicatistampa\/?p=9074"},"modified":"2016-04-18T16:03:19","modified_gmt":"2016-04-18T14:03:19","slug":"1000-combo-helmet-per-buttarsi-nellavventura-la-sportiva-epic-ski-tour-e-una-vera-sfida-4all","status":"publish","type":"post","link":"https:\/\/www.area-press.eu\/comunicatistampa\/2016\/04\/18\/1000-combo-helmet-per-buttarsi-nellavventura-la-sportiva-epic-ski-tour-e-una-vera-sfida-4all\/","title":{"rendered":"1000 \u201cCOMBO HELMET\u201d PER BUTTARSI NELL\u2019AVVENTURA, \u201cLA SPORTIVA EPIC SKI TOUR\u201d \u00c9 UNA VERA SFIDA 4ALL"},"content":{"rendered":"<p>Caschetto personalizzato e con doppia omologazione (ora obbligatoria) per gli iscritti<\/p>\n<p>Sar\u00e0 un evento di sport e di aggregazione, lo promettono i fondatori Capol e Anrather<\/p>\n<p>Alpe Cermis, Passo S.Pellegrino e Passo Pordoi le tre location di gara<\/p>\n<p>Incredibile ma vero, ci sono gi\u00e0 le prime iscrizioni per le gare dal 13 al 15 gennaio 2017<\/p>\n<p>&nbsp;<\/p>\n<p>&nbsp;<\/p>\n<p>La stagione dello scialpinismo sta volgendo al termine, ma c\u2019\u00e8 chi sta gi\u00e0 lavorando intensamente per quella a venire. \u00c8 il gruppo operativo de La Sportiva Epic Ski Tour, il nuovo evento di scialpinismo ispirato al Tour de Ski in programma in Trentino, nelle Valli di Fiemme e di Fassa, il prossimo gennaio.<\/p>\n<p>Nei giorni scorsi i due ideatori della manifestazione, J\u00fcrg Capol, direttore di FIS Marketing AG e inventore del Tour de Ski, e Kurt Anrather, hanno riunito le persone che operativamente daranno vita alle tre gare inserite nel \u201cTour\u201d. C\u2019erano i responsabili dell\u2019appuntamento che aprir\u00e0 di fatto i battenti de La Sportiva Epic Ski Tour, la prova in notturna sul Cermis di venerd\u00ec 13 gennaio 2017, quelli della prova di Passo San Pellegrino (sabato 14) e quelli della terza e conclusiva a Passo Pordoi di domenica 15. \u00c8 stato presentato anche il direttore dell\u2019area sport, l\u2019esperto Giuseppe Ploner, ex allenatore di fondo anche della nazionale italiana, che coordiner\u00e0 i tre direttori delle singole gare.<\/p>\n<p>Si \u00e8 parlato anche di adesioni. Sebbene si sia a poco meno di un anno dal via sono gi\u00e0 fioccate le prime iscrizioni, ma soprattutto dopo l\u2019annuncio c\u2019\u00e8 stato un grande interesse a livello internazionale, con la preiscrizione di 15 appassionati svizzeri.<\/p>\n<p>Kurt Anrather non ha dubbi sulla questione: \u201cLa nostra idea maturata con J\u00fcrg Capol di proporre un evento davvero alla portata di tutti gli scialpinisti ha colto nel segno. Il nostro evento non vuole essere \u201cestremo\u201d, anche se la tecnicit\u00e0 dei tre percorsi andr\u00e0 a premiare i pi\u00f9 allenati e i pi\u00f9 esperti. Per loro il ricco montepremi \u00e8 un allettante invito, ma non passano in secondo piano la discesa dal Cermis sulla pista Olimpia e i tracciati spettacolari di Passo San Pellegrino, che fanno tornare alla memoria i successi della Pizolada con la salita fino ai 2580 metri di cima Last\u00e8 Pradazzo, e quello del Passo Pordoi con la salita di Forcella Pordoi (2829 m.) con la tecnica discesa in Val Lasties e risalita sfruttando una mulattiera fino al Passo\u201d.<\/p>\n<p>Il costo dell\u2019iscrizione a La Sportiva Epic Ski Tour di 160 euro \u00e8 compensato dal pacco gara che, tra l\u2019altro, propone un gadget tecnico di assoluto prestigio e valore (139 euro). \u00c8 il Combo Helmet prodotto da La Sportiva che risponde alla doppia omologazione per utilizzo alpinistico e scialpinistico, predisposto anche per l\u2019aggancio rapido del frontalino luminoso e che pesa 290 grammi. Dal 2017 infatti nelle gare di scialpinismo saranno obbligatori i caschi omologati secondo le norme internazionali, e per questo il casco che ciascun concorrente ricever\u00e0 e che dovr\u00e0 obbligatoriamente indossare nelle tre gare (ad esclusione degli atleti professionisti a cui sono riservate particolari deroghe commerciali) sar\u00e0 marchiato con la certificazione CE EN 1077 e quella CE EN 12492 per l\u2019alpinismo.<\/p>\n<p>Il casco sar\u00e0 prodotto in versione limitata di soli 1000 pezzi, per cui chi intende partecipare ha gi\u00e0 iniziato la \u2026corsa al casco.<\/p>\n<p>Lo slogan di J\u00fcrg Capol \u00e8 \u201c4All\u201d e La Sportiva Epic Ski Tour vuole proprio essere una gara per tutti. Innanzitutto saranno tre giorni di festa. Al Palafiemme di Cavalese \u00e8 previsto un \u201cvillage\u201d con stand tecnici e prodotti locali, ma gli organizzatori, oltre ovviamente a mettere in primo piano la sicurezza in gara, puntano molto sull\u2019intrattenimento perch\u00e9, sempre secondo Capol, l\u2019evento deve essere un momento di aggregazione e di festa. Per il 2017 il \u201cTour de Ski dello scialpinismo\u201d sar\u00e0 circoscritto alle Valli di Fiemme e di Fassa, ma in futuro davvero potr\u00e0 aprirsi ad altre localit\u00e0, anche estere, proprio per \u201ccopiare\u201d il successo del challenge di sci di fondo.<\/p>\n<p>E allora \u2026sci pronti e caschetto in testa ben allacciato, per emulare il classico detto dei motociclisti!<\/p>\n<p>Info: <a href=\"http:\/\/www.epicskitour.com\/\">www.epicskitour.com<\/a><\/p>\n<p>&nbsp;<\/p>\n","protected":false},"excerpt":{"rendered":"<p>Caschetto personalizzato e con doppia omologazione (ora obbligatoria) per gli iscritti Sar\u00e0 un evento di sport e di aggregazione, lo promettono i fondatori Capol e Anrather Alpe Cermis, Passo S.Pellegrino e Passo Pordoi le tre location di gara Incredibile ma vero, ci sono gi\u00e0 le prime iscrizioni per le gare dal 13 al 15 gennaio [&hellip;]<\/p>\n","protected":false},"author":15,"featured_media":0,"comment_status":"open","ping_status":"open","sticky":false,"template":"","format":"standard","meta":{"footnotes":""},"categories":[15],"tags":[],"class_list":["post-9074","post","type-post","status-publish","format-standard","hentry","category-sport"],"_links":{"self":[{"href":"https:\/\/www.area-press.eu\/comunicatistampa\/wp-json\/wp\/v2\/posts\/9074","targetHints":{"allow":["GET"]}}],"collection":[{"href":"https:\/\/www.area-press.eu\/comunicatistampa\/wp-json\/wp\/v2\/posts"}],"about":[{"href":"https:\/\/www.area-press.eu\/comunicatistampa\/wp-json\/wp\/v2\/types\/post"}],"author":[{"embeddable":true,"href":"https:\/\/www.area-press.eu\/comunicatistampa\/wp-json\/wp\/v2\/users\/15"}],"replies":[{"embeddable":true,"href":"https:\/\/www.area-press.eu\/comunicatistampa\/wp-json\/wp\/v2\/comments?post=9074"}],"version-history":[{"count":2,"href":"https:\/\/www.area-press.eu\/comunicatistampa\/wp-json\/wp\/v2\/posts\/9074\/revisions"}],"predecessor-version":[{"id":9103,"href":"https:\/\/www.area-press.eu\/comunicatistampa\/wp-json\/wp\/v2\/posts\/9074\/revisions\/9103"}],"wp:attachment":[{"href":"https:\/\/www.area-press.eu\/comunicatistampa\/wp-json\/wp\/v2\/media?parent=9074"}],"wp:term":[{"taxonomy":"category","embeddable":true,"href":"https:\/\/www.area-press.eu\/comunicatistampa\/wp-json\/wp\/v2\/categories?post=9074"},{"taxonomy":"post_tag","embeddable":true,"href":"https:\/\/www.area-press.eu\/comunicatistampa\/wp-json\/wp\/v2\/tags?post=9074"}],"curies":[{"name":"wp","href":"https:\/\/api.w.org\/{rel}","templated":true}]}}