{"id":9026,"date":"2016-04-16T11:47:16","date_gmt":"2016-04-16T09:47:16","guid":{"rendered":"http:\/\/www.area-press.eu\/comunicatistampa\/?p=9026"},"modified":"2016-04-16T11:47:16","modified_gmt":"2016-04-16T09:47:16","slug":"il-principe-delle-stelle-e-la-principessa-di-aldebaran","status":"publish","type":"post","link":"https:\/\/www.area-press.eu\/comunicatistampa\/2016\/04\/16\/il-principe-delle-stelle-e-la-principessa-di-aldebaran\/","title":{"rendered":"Il Principe delle Stelle e la Principessa di Aldebaran"},"content":{"rendered":"<p>Finalmente il sottoscritto trova il tempo per annunciare la pubblicazione del libro \u201cIl Principe delle Stelle e la Principessa di Aldebaran\u201d, ed. youcanprint.<\/p>\n<p><strong>Il &#8220;Principe delle Stelle e la Principessa di Aldebaran&#8221; \u00e8 una piacevole e moderna fiaba, scorrevole, per lettori di ogni et\u00e0 con ancora il &#8220;naso in su&#8221; perch\u00e9 \u00e8 ambientata tra le stelle. Il tema di fondo \u00e8 l&#8217;eterna lotta tra il bene ed il male incarnati dai personaggi del racconto nel quale si alternano moderne e vibranti contese e l&#8217;universale sentimento dell&#8217;amore che tutto muove. Fa sorridere l&#8217;abbigliamento del Principe, ma tutto ha un senso ed un significato.<\/strong><\/p>\n<p>&#8220;Il Principe delle Stelle e la Principessa di Aldebaran&#8221;, nel contesto di un racconto fantastico, vuole affermare con disarmante semplicit\u00e0 il principio fondamentale della libert\u00e0 individuale, enunciato da molti, che possiamo ricordare nella versione di Martin Luther King:<\/p>\n<p>\u201cla mia libert\u00e0 finisce dove comincia la tua&#8221;, ovvero \u201cla libert\u00e0 di ogni individuo finisce dove comincia quella di un altro individuo&#8221;. A questo tema sono legati, soprattutto in una societ\u00e0 come quella italiana, i concetti di &#8220;bene&#8221; e &#8220;male&#8221;.<\/p>\n<p>Il racconto fantastico narrato nel libro ha lo scopo di illustrare che fare il male significa imporre le nostre scelte agli altri. Non \u00e8 rilevante su quali idee si basino le nostre scelte, il giudizio sulla loro bont\u00e0 \u00e8 comunque soggettivo e non dovremmo imporle agli altri.<\/p>\n<p>Fare il bene significa quindi, all&#8217; opposto, lasciare che gli altri facciano le loro scelte senza costrizioni.<\/p>\n<p>Forse proprio in una &#8220;realt\u00e0&#8221; come quella italiana \u00e8 importante porre questo tema all&#8217;attenzione di lettori di ogni et\u00e0, in un&#8217;opera che non spieghi le conclusioni, proprio perch\u00e8 queste, seppure oggetto di aspro dibattito in Italia, sono talmente ovvie da non necessitare di alcun trattato per essere recepite.<\/p>\n<p>Il testo \u00e8 scorrevole e di facile lettura, per passare piacevolmente un p\u00f2 di tempo con i due principi e l&#8217;universale sentimento dell&#8217;amore, che tutto muove.<\/p>\n<p>&nbsp;<\/p>\n<p>L&#8217;autore \u00e8 Stefano Cimatti, email <a href=\"mailto:paperinik_11111@yahoo.it\">paperinik_11111@yahoo.it<\/a>, qui trovi la pagina del libro sul suo sito web:<\/p>\n<p><a href=\"http:\/\/www.rgames.it\/l\/libri.php?r=t&amp;da=www.comunicati-stampa.net\">http:\/\/www.rgames.it\/l\/libri.php?r=t&amp;da=www.comunicati-stampa.net<\/a><\/p>\n<p>&nbsp;<\/p>\n","protected":false},"excerpt":{"rendered":"<p>Finalmente il sottoscritto trova il tempo per annunciare la pubblicazione del libro \u201cIl Principe delle Stelle e la Principessa di Aldebaran\u201d, ed. youcanprint. Il &#8220;Principe delle Stelle e la Principessa di Aldebaran&#8221; \u00e8 una piacevole e moderna fiaba, scorrevole, per lettori di ogni et\u00e0 con ancora il &#8220;naso in su&#8221; perch\u00e9 \u00e8 ambientata tra le [&hellip;]<\/p>\n","protected":false},"author":2826,"featured_media":0,"comment_status":"open","ping_status":"open","sticky":false,"template":"","format":"standard","meta":{"footnotes":""},"categories":[29],"tags":[],"class_list":["post-9026","post","type-post","status-publish","format-standard","hentry","category-comunicati"],"_links":{"self":[{"href":"https:\/\/www.area-press.eu\/comunicatistampa\/wp-json\/wp\/v2\/posts\/9026","targetHints":{"allow":["GET"]}}],"collection":[{"href":"https:\/\/www.area-press.eu\/comunicatistampa\/wp-json\/wp\/v2\/posts"}],"about":[{"href":"https:\/\/www.area-press.eu\/comunicatistampa\/wp-json\/wp\/v2\/types\/post"}],"author":[{"embeddable":true,"href":"https:\/\/www.area-press.eu\/comunicatistampa\/wp-json\/wp\/v2\/users\/2826"}],"replies":[{"embeddable":true,"href":"https:\/\/www.area-press.eu\/comunicatistampa\/wp-json\/wp\/v2\/comments?post=9026"}],"version-history":[{"count":1,"href":"https:\/\/www.area-press.eu\/comunicatistampa\/wp-json\/wp\/v2\/posts\/9026\/revisions"}],"predecessor-version":[{"id":9027,"href":"https:\/\/www.area-press.eu\/comunicatistampa\/wp-json\/wp\/v2\/posts\/9026\/revisions\/9027"}],"wp:attachment":[{"href":"https:\/\/www.area-press.eu\/comunicatistampa\/wp-json\/wp\/v2\/media?parent=9026"}],"wp:term":[{"taxonomy":"category","embeddable":true,"href":"https:\/\/www.area-press.eu\/comunicatistampa\/wp-json\/wp\/v2\/categories?post=9026"},{"taxonomy":"post_tag","embeddable":true,"href":"https:\/\/www.area-press.eu\/comunicatistampa\/wp-json\/wp\/v2\/tags?post=9026"}],"curies":[{"name":"wp","href":"https:\/\/api.w.org\/{rel}","templated":true}]}}