{"id":902,"date":"2015-07-30T18:56:18","date_gmt":"2015-07-30T16:56:18","guid":{"rendered":"http:\/\/www.area-press.eu\/comunicatistampa\/?p=902"},"modified":"2015-07-30T18:56:18","modified_gmt":"2015-07-30T16:56:18","slug":"il-richiamo-dello-stelvio-e-irresistibile-per-le-bici-stelvio-bike-day-in-arrivo-a-fine-agosto","status":"publish","type":"post","link":"https:\/\/www.area-press.eu\/comunicatistampa\/2015\/07\/30\/il-richiamo-dello-stelvio-e-irresistibile-per-le-bici-stelvio-bike-day-in-arrivo-a-fine-agosto\/","title":{"rendered":"IL RICHIAMO DELLO STELVIO \u00c8 IRRESISTIBILE PER LE BICI: STELVIO BIKE DAY IN ARRIVO A FINE AGOSTO"},"content":{"rendered":"<p>Sabato 29 agosto torna lo Stelvio Bike Day<\/p>\n<p>I tre versanti del Passo off limits per i veicoli a motore<\/p>\n<p>Due ruote in festa sui tornanti del mito<\/p>\n<p>Val Venosta da vivere su due ruote<\/p>\n<p>&nbsp;<\/p>\n<p>&nbsp;<\/p>\n<p>Il mese di agosto \u00e8 alle porte e per gli amanti delle due ruote \u00e8 tempo di pensare allo Stelvio Bike Day. Sabato 29 agosto, infatti, torna il tradizionale appuntamento con la Giornata della Bici e i versanti lombardo, svizzero e altoatesino del Passo dello Stelvio saranno off limits per i veicoli a motore, consentendo cos\u00ec a ciclisti e bikers di godersi una delle salite pi\u00f9 belle d\u2019Europa e, perch\u00e9 no, del mondo intero. L\u2019evento, a partecipazione libera, non \u00e8 competitivo ma nel periodo agostano \u00e8 bene comunque mantenersi allenati visto che i 2758 metri di quota del valico non sono certo da prendere sottogamba.<\/p>\n<p>Il versante pi\u00f9 ricco di fascino \u00e8 sicuramente quello altoatesino di Prato allo Stelvio, in Val Venosta, e sabato 29 agosto si potranno affrontare i 48 tornanti dove l\u2019Airone Fausto Coppi spicc\u00f2 il volo al Giro d\u2019Italia 1953, l\u2019edizione della Corsa Rosa in cui l\u2019ascesa fece il suo debutto nel grande ciclismo ed entr\u00f2 immediatamente nella leggenda. A pi\u00f9 di sessant\u2019anni di distanza, per raggiungere il Passo dello Stelvio non serve avere gambe e polmoni da Campionissimo, ma basta armarsi di bici e affrontare la salita al ritmo che si preferisce, magari fermandosi nei diversi stand di ristoro allestiti lungo la salita e contemplando boschi e prati del Parco Nazionale dello Stelvio o le cime innevate del Gruppo dell\u2019Ortles. Inoltre, per chi sceglier\u00e0 il versante altoatesino, ci sar\u00e0 anche la possibilit\u00e0 di completare un bell\u2019anello di circa 60 km che, dopo lo Stelvio, prevede la lunga discesa verso la Svizzera con passaggi dal Giogo di Santa Maria (Umbrailpass) e Santa Maria in Val Monastero, prima di rientrare in Italia a Tubre e concludere cos\u00ec il giro in Val Venosta, dove sar\u00e0 d\u2019obbligo una capatina nella piazza principale di Prato allo Stelvio che onorer\u00e0 la Giornata della Bici con una festa tradizionale altoatesina.<\/p>\n<p>Lo Stelvio Bike Day rappresenta anche un pretesto ideale per godersi l\u2019ospitalit\u00e0 della Val Venosta, che mette a disposizione degli amanti delle due ruote bike hotel, servizi dedicati e una miriade di itinerari sia per la bici da strada sia per la mtb. La pista ciclabile della Via Claudia Augusta corre da Merano sino al Lago di Resia fra frutteti, chiese e castelli della Val Venosta e il treno adibito al trasporto biciclette \u00e8 un ottimo punto d\u2019appoggio per pianificare i propri giri. Per quanto riguarda la mountain bike, c\u2019\u00e8 l\u2019imbarazzo della scelta fra piste da enduro, itinerari per famiglie e bikers esperti, con uno dei percorsi pi\u00f9 spettacolari che si trova proprio nella zona di Prato allo Stelvio e si spinge nel cuore delle cava di marmo di Covelano, la pi\u00f9 alta d\u2019Europa. Anche l\u2019offerta per la bici da strada non \u00e8 da meno, oltre allo Stelvio, infatti, \u00e8 possibile anche affrontare la salita della Val Martello resa celebre dall\u2019arrivo di tappa del Giro d\u2019Italia 2014, o divertirsi lungo le strade secondarie che attraversano il fondovalle o si inerpicano fra masi e borgate della Val Venosta.<\/p>\n<p>Info: <a href=\"http:\/\/www.stelviopark.bz.it\/it\/radtag\/\">www.stelviopark.bz.it\/it\/radtag\/<\/a><\/p>\n","protected":false},"excerpt":{"rendered":"<p>Sabato 29 agosto torna lo Stelvio Bike Day I tre versanti del Passo off limits per i veicoli a motore Due ruote in festa sui tornanti del mito Val Venosta da vivere su due ruote &nbsp; &nbsp; Il mese di agosto \u00e8 alle porte e per gli amanti delle due ruote \u00e8 tempo di pensare [&hellip;]<\/p>\n","protected":false},"author":15,"featured_media":0,"comment_status":"open","ping_status":"open","sticky":false,"template":"","format":"standard","meta":{"footnotes":""},"categories":[15],"tags":[],"class_list":["post-902","post","type-post","status-publish","format-standard","hentry","category-sport"],"_links":{"self":[{"href":"https:\/\/www.area-press.eu\/comunicatistampa\/wp-json\/wp\/v2\/posts\/902","targetHints":{"allow":["GET"]}}],"collection":[{"href":"https:\/\/www.area-press.eu\/comunicatistampa\/wp-json\/wp\/v2\/posts"}],"about":[{"href":"https:\/\/www.area-press.eu\/comunicatistampa\/wp-json\/wp\/v2\/types\/post"}],"author":[{"embeddable":true,"href":"https:\/\/www.area-press.eu\/comunicatistampa\/wp-json\/wp\/v2\/users\/15"}],"replies":[{"embeddable":true,"href":"https:\/\/www.area-press.eu\/comunicatistampa\/wp-json\/wp\/v2\/comments?post=902"}],"version-history":[{"count":1,"href":"https:\/\/www.area-press.eu\/comunicatistampa\/wp-json\/wp\/v2\/posts\/902\/revisions"}],"predecessor-version":[{"id":903,"href":"https:\/\/www.area-press.eu\/comunicatistampa\/wp-json\/wp\/v2\/posts\/902\/revisions\/903"}],"wp:attachment":[{"href":"https:\/\/www.area-press.eu\/comunicatistampa\/wp-json\/wp\/v2\/media?parent=902"}],"wp:term":[{"taxonomy":"category","embeddable":true,"href":"https:\/\/www.area-press.eu\/comunicatistampa\/wp-json\/wp\/v2\/categories?post=902"},{"taxonomy":"post_tag","embeddable":true,"href":"https:\/\/www.area-press.eu\/comunicatistampa\/wp-json\/wp\/v2\/tags?post=902"}],"curies":[{"name":"wp","href":"https:\/\/api.w.org\/{rel}","templated":true}]}}