{"id":8986,"date":"2016-04-15T12:12:26","date_gmt":"2016-04-15T10:12:26","guid":{"rendered":"http:\/\/www.area-press.eu\/comunicatistampa\/?p=8986"},"modified":"2016-04-15T12:12:26","modified_gmt":"2016-04-15T10:12:26","slug":"davide-apollo-l8-aprile-a-milano-sulla-cartolarizzazione-del-credito-immobiliare","status":"publish","type":"post","link":"https:\/\/www.area-press.eu\/comunicatistampa\/2016\/04\/15\/davide-apollo-l8-aprile-a-milano-sulla-cartolarizzazione-del-credito-immobiliare\/","title":{"rendered":"Davide Apollo l\u20198 aprile a Milano sulla cartolarizzazione del credito immobiliare"},"content":{"rendered":"<p><em><strong>La lunga e consolidata esperienza in ambito Real Estate maturata da <a title=\"Davide Apollo - davideapollo.it\/news\" href=\"http:\/\/www.davideapollo.it\/news\/\">Davide Apollo<\/a> vale all&#8217;Avvocato la convocazione in qualit\u00e0 di esperto a importanti convegni come l&#8217;incontro formativo organizzato ad aprile da Paradigma.<\/strong><br \/>\n<\/em><\/p>\n<p><a title=\"Davide Apollo - davideapollo.it\/news\" href=\"http:\/\/www.davideapollo.it\/news\/\"><img loading=\"lazy\" decoding=\"async\" src=\"http:\/\/www.davideapollo.it\/wp-content\/uploads\/2015\/10\/DavideApollo-032.jpg\" alt=\"Davide Apollo - Avvocato\" width=\"400\" height=\"600\" \/><\/a><\/p>\n<h2>Davide Ottavio Apollo spiega la cartolarizzazione dei crediti immobiliari<\/h2>\n<p>L&#8217;<strong>Avvocato Davide Ottavio Apollo<\/strong> \u00e8 stato chiamato dall&#8217;istituto di formazione professionale torinese Paradigma a partecipare in qualit\u00e0 di relatore al convegno che si terr\u00e0 nei giorni del 7 e 8 aprile presso il Grand Hotel et de Milan dal titolo &#8220;La gestione e lo smaltimento dei crediti in sofferenza nel D.L. n. 18\/2016&#8221;. Tale Decreto Legge introdurr\u00e0, infatti, una forte riforma sul piano finanziario, che necessita di essere attentamente analizzata e compresa da parte degli addetti ai lavori. Per tale motivo un panel di esperti metter\u00e0 le proprie competenze a disposizione di una due giorni di approfondimento, durante la quale i punti principali e pi\u00f9 salienti del Decreto saranno sviscerati. L&#8217;<strong>Avvocato Davide Ottavio Apollo<\/strong> interverr\u00e0 nel corso della seconda giornata, esponendo in merito alla cartolarizzazione dei crediti immobiliari e toccando nello specifico le tematiche del mercato dei finanziamenti immobiliari, la valutazione delle garanzie ed il ruolo delle garanzie immobiliari nella gestione dei crediti deteriorati.<\/p>\n<h2>Avvocato Davide Apollo: cenni biografici<\/h2>\n<p>La competenza in materia dell&#8217;<strong>Avvocato Davide Ottavio Apollo<\/strong> \u00e8 stata maturata nel corso della propria carriera, arrivando a specializzarsi con lo Studio Legale <strong>Apollo &amp; Associati<\/strong> in Real Estate. La Laurea in Giurisprudenza viene conseguita a pieni voti presso l&#8217;Universit\u00e0 degli Studi di Milano, alla quale fa seguito nel 1992 l&#8217;iscrizione all&#8217;albo degli Avvocati di Milano e alla International Bar Association. In quegli anni l&#8217;Avvocato d\u00e0 il via alla propria attivit\u00e0 professionale, collaborando dal 1989 al 1994 con lo studio legale Alemani e Bocchiola, specializzato in Diritto Societario, proseguendo successivamente l&#8217;attivit\u00e0 all&#8217;interno di uno studio legale indipendente incentrato su Diritto Fallimentare, Commerciale e Societario. Entrato a far parte dello studio legale NCTM (1999) in qualit\u00e0 di Equity Partner, gli viene affidato il Dipartimento di Real Estate, settore in cui prosegue la propria specializzazione fondando nel 2005 <strong>Apollo &amp; Associati<\/strong>. Gestita dal 2008 al 2012 la practice italiana di Real Estate in qualit\u00e0 di Equity Partner presso DLA Piper, attualmente <strong>Davide Apollo<\/strong> segue le pi\u00f9 importanti operazioni immobiliari attuate sul territorio nazionale con il proprio Studio Legale indipendente.<\/p>\n<p><strong><em>Approfondimenti sul sito personale dell&#8217;Avvocato <a title=\"Davide Apollo - davideapollo.it\/news\" href=\"http:\/\/www.davideapollo.it\/news\/\">Davide Ottavio Apollo<\/a>.<\/em><\/strong><\/p>\n","protected":false},"excerpt":{"rendered":"<p>La lunga e consolidata esperienza in ambito Real Estate maturata da Davide Apollo vale all&#8217;Avvocato la convocazione in qualit\u00e0 di esperto a importanti convegni come l&#8217;incontro formativo organizzato ad aprile da Paradigma. Davide Ottavio Apollo spiega la cartolarizzazione dei crediti immobiliari L&#8217;Avvocato Davide Ottavio Apollo \u00e8 stato chiamato dall&#8217;istituto di formazione professionale torinese Paradigma a [&hellip;]<\/p>\n","protected":false},"author":40,"featured_media":0,"comment_status":"open","ping_status":"open","sticky":false,"template":"","format":"standard","meta":{"footnotes":""},"categories":[7],"tags":[],"class_list":["post-8986","post","type-post","status-publish","format-standard","hentry","category-economia-e-finanza"],"_links":{"self":[{"href":"https:\/\/www.area-press.eu\/comunicatistampa\/wp-json\/wp\/v2\/posts\/8986","targetHints":{"allow":["GET"]}}],"collection":[{"href":"https:\/\/www.area-press.eu\/comunicatistampa\/wp-json\/wp\/v2\/posts"}],"about":[{"href":"https:\/\/www.area-press.eu\/comunicatistampa\/wp-json\/wp\/v2\/types\/post"}],"author":[{"embeddable":true,"href":"https:\/\/www.area-press.eu\/comunicatistampa\/wp-json\/wp\/v2\/users\/40"}],"replies":[{"embeddable":true,"href":"https:\/\/www.area-press.eu\/comunicatistampa\/wp-json\/wp\/v2\/comments?post=8986"}],"version-history":[{"count":1,"href":"https:\/\/www.area-press.eu\/comunicatistampa\/wp-json\/wp\/v2\/posts\/8986\/revisions"}],"predecessor-version":[{"id":8987,"href":"https:\/\/www.area-press.eu\/comunicatistampa\/wp-json\/wp\/v2\/posts\/8986\/revisions\/8987"}],"wp:attachment":[{"href":"https:\/\/www.area-press.eu\/comunicatistampa\/wp-json\/wp\/v2\/media?parent=8986"}],"wp:term":[{"taxonomy":"category","embeddable":true,"href":"https:\/\/www.area-press.eu\/comunicatistampa\/wp-json\/wp\/v2\/categories?post=8986"},{"taxonomy":"post_tag","embeddable":true,"href":"https:\/\/www.area-press.eu\/comunicatistampa\/wp-json\/wp\/v2\/tags?post=8986"}],"curies":[{"name":"wp","href":"https:\/\/api.w.org\/{rel}","templated":true}]}}