{"id":8951,"date":"2016-04-14T11:59:31","date_gmt":"2016-04-14T09:59:31","guid":{"rendered":"http:\/\/www.area-press.eu\/comunicatistampa\/?p=8951"},"modified":"2016-04-14T11:59:31","modified_gmt":"2016-04-14T09:59:31","slug":"bike-transalp-di-tappa-a-trento-tra-100-giorni-pathos-sulle-alpi-con-la-traversata-in-mtb","status":"publish","type":"post","link":"https:\/\/www.area-press.eu\/comunicatistampa\/2016\/04\/14\/bike-transalp-di-tappa-a-trento-tra-100-giorni-pathos-sulle-alpi-con-la-traversata-in-mtb\/","title":{"rendered":"BIKE TRANSALP DI TAPPA A TRENTO TRA 100 GIORNI, PATHOS SULLE ALPI CON LA TRAVERSATA IN MTB"},"content":{"rendered":"<p>In sella dal 17 al 23 luglio con Bike Transalp<\/p>\n<p>In Trentino il gran finale della sfida a coppie in mtb<\/p>\n<p>Bikers sugli sterrati della \u201cDolomitica Brenta Bike\u201d<\/p>\n<p>Iscrizioni aperte su www.bike-transalp.de<\/p>\n<p>&nbsp;<\/p>\n<p>&nbsp;<\/p>\n<p>La Bike Transalp powered by Sigma \u00e8 un \u2018must have\u2019 per ogni appassionato di mountain bike, una traversata a coppie sulle Alpi da fare almeno una volta nella vita. Un evento tra percorsi appassionanti, scenari favolistici ed uno spirito di squadra tra gli atleti consolidato nel tempo, tanto da richiedere una preparazione costante ai bikers che vi partecipano: \u201cSe le formiche si mettono d\u2019accordo, possono spostare un elefante\u201d, recita un proverbio del Burkina Faso.<\/p>\n<p>Trento sar\u00e0 tappa decisiva, dolce frammezzo fra la penultima tappa del 22 luglio (Mezzana-Trento) e preludio dell\u2019arrivo finale del 23 luglio in quel di Arco (Trento-Arco). L\u2019evento propone un totale complessivo di 519.51 km e 17.751 metri di dislivello da svolgersi in sette giorni, dal 17 al 23 luglio.<\/p>\n<p>La citt\u00e0 di Trento collabora con gli organizzatori di Bike e Tour Transalp dal 2010, e per la terza edizione Bike Transalp vi far\u00e0 tappa. L\u2019evento \u00e8 un importante indotto per la citt\u00e0 e per la promozione territoriale sul mercato tedesco ed internazionale, ed \u00e8 per questo che l\u2019APT Trento, Monte Bondone, Valle dei Laghi supporta il comitato organizzatore allestendo in prima persona il passaggio trentino. L\u2019arrivo \u00e8 previsto in Piazza Fiera, ove ci sar\u00e0 un\u2019area Expo con gli stand dei partner della manifestazione, mentre il pasta party verr\u00e0 \u2018apparecchiato\u2019 a Trento Fiere, con le premiazioni di tappa a partire dalle ore 18.<\/p>\n<p>La competizione \u00e8 una maratona in mtb cui parteciperanno coppie di bikers suddivise per categorie differenti a seconda dell\u2019et\u00e0 e del sesso. I prodi del pedale partiranno da Imst, in Austria, toccheranno uno dopo l\u2019altro Nauders, Scuol, Livigno e Bormio, prima di proiettarsi ad affrontare, allo \u201cstage six\u201d, lo step che da Mezzana far\u00e0 giungere a Trento, dopo aver ostinatamente percorso 88.15 km e 2.363 metri di dislivello solamente in quest\u2019ultima tratta.<\/p>\n<p>Dallo start mezzanese i bikers \u2018rotoleranno\u2019 sino a Mal\u00e9 percorrendo una pista ciclabile di oltre 12 km, dopodich\u00e9 affronteranno l\u2019avvincente salita del Passo Le Fraine, ai piedi del massiccio del Brenta, un valico che separa la Val di Sole dalla Val di Non. Nonostante i sentieri nascosti e le magnifiche strade boschive della zona, alcuni luoghi chiederanno un notevole dispendio di energie e concentrazione.<\/p>\n<p>Da Tuenno sino a poco prima di Andalo il percorso seguir\u00e0 quello ufficiale e scenograficamente fascinoso della \u201cDolomitica Brenta Bike\u201d, appetitosa tappa di Trentino MTB, circuito al via l\u20198 maggio con la \u201cValdiNon Bike\u201d. Successivamente ecco l\u2019alternanza in successione di strette strade forestali ed alcuni viottoli, sino a giungere agli ultimi spettacolari chilometri che porteranno a Trento, con il dolce fluire dell\u2019acqua dell\u2019Adige a condurre alle porte della citt\u00e0 del Tridentum, in Piazza Fiera. Ancor prima degli atleti, i rilievi montuosi saranno i sicuri protagonisti della manifestazione agonistica, poich\u00e9 come diceva il grande Tiziano Terzani: \u201cLe montagne sono sempre generose. Mi regalano albe e tramonti irripetibili; il silenzio \u00e8 rotto solo dai suoni della natura che lo rendono ancora pi\u00f9 vivo\u201d.<\/p>\n<p>Trento sar\u00e0 dunque punto clou del contest sulle ruote grasse, e in tale occasione la logistica ed organizzazione sar\u00e0 curata dall\u2019ApT Trento, Monte Bondone, Valle dei Laghi, preludio del gran finale verso un ultimo, breve passaggio, ma che avr\u00e0 molto da offrire. Siamo giunti al settimo giorno. L\u2019itinerario che da Trento porter\u00e0 ad Arco sar\u00e0 costituito da 53.09 km fra prati, boschi e sentieri rocciosi, stappando una bottiglia all\u2019arrivo e brindando alla conclusione dell\u2019avventura di fronte alla storica Chiesa arcense.<\/p>\n<p>Iscrizioni aperte, per info: <a href=\"http:\/\/www.bike-transalp.de\/\">www.bike-transalp.de<\/a><\/p>\n","protected":false},"excerpt":{"rendered":"<p>In sella dal 17 al 23 luglio con Bike Transalp In Trentino il gran finale della sfida a coppie in mtb Bikers sugli sterrati della \u201cDolomitica Brenta Bike\u201d Iscrizioni aperte su www.bike-transalp.de &nbsp; &nbsp; La Bike Transalp powered by Sigma \u00e8 un \u2018must have\u2019 per ogni appassionato di mountain bike, una traversata a coppie sulle [&hellip;]<\/p>\n","protected":false},"author":15,"featured_media":0,"comment_status":"open","ping_status":"open","sticky":false,"template":"","format":"standard","meta":{"footnotes":""},"categories":[29],"tags":[],"class_list":["post-8951","post","type-post","status-publish","format-standard","hentry","category-comunicati"],"_links":{"self":[{"href":"https:\/\/www.area-press.eu\/comunicatistampa\/wp-json\/wp\/v2\/posts\/8951","targetHints":{"allow":["GET"]}}],"collection":[{"href":"https:\/\/www.area-press.eu\/comunicatistampa\/wp-json\/wp\/v2\/posts"}],"about":[{"href":"https:\/\/www.area-press.eu\/comunicatistampa\/wp-json\/wp\/v2\/types\/post"}],"author":[{"embeddable":true,"href":"https:\/\/www.area-press.eu\/comunicatistampa\/wp-json\/wp\/v2\/users\/15"}],"replies":[{"embeddable":true,"href":"https:\/\/www.area-press.eu\/comunicatistampa\/wp-json\/wp\/v2\/comments?post=8951"}],"version-history":[{"count":1,"href":"https:\/\/www.area-press.eu\/comunicatistampa\/wp-json\/wp\/v2\/posts\/8951\/revisions"}],"predecessor-version":[{"id":8952,"href":"https:\/\/www.area-press.eu\/comunicatistampa\/wp-json\/wp\/v2\/posts\/8951\/revisions\/8952"}],"wp:attachment":[{"href":"https:\/\/www.area-press.eu\/comunicatistampa\/wp-json\/wp\/v2\/media?parent=8951"}],"wp:term":[{"taxonomy":"category","embeddable":true,"href":"https:\/\/www.area-press.eu\/comunicatistampa\/wp-json\/wp\/v2\/categories?post=8951"},{"taxonomy":"post_tag","embeddable":true,"href":"https:\/\/www.area-press.eu\/comunicatistampa\/wp-json\/wp\/v2\/tags?post=8951"}],"curies":[{"name":"wp","href":"https:\/\/api.w.org\/{rel}","templated":true}]}}