{"id":8915,"date":"2016-04-13T19:14:49","date_gmt":"2016-04-13T17:14:49","guid":{"rendered":"http:\/\/www.area-press.eu\/comunicatistampa\/?p=8915"},"modified":"2016-04-13T19:14:49","modified_gmt":"2016-04-13T17:14:49","slug":"la-granfondo-fizik-si-racconta-in-azienda-presenti-tanti-esponenti-del-mondo-ciclistico","status":"publish","type":"post","link":"https:\/\/www.area-press.eu\/comunicatistampa\/2016\/04\/13\/la-granfondo-fizik-si-racconta-in-azienda-presenti-tanti-esponenti-del-mondo-ciclistico\/","title":{"rendered":"LA GRANFONDO fi\u2019zi:k SI RACCONTA IN AZIENDA, PRESENTI TANTI ESPONENTI DEL MONDO CICLISTICO"},"content":{"rendered":"<p>Domenica 24 aprile Granfondo fi\u2019zi:k a Marostica (VI)<\/p>\n<p>Oggi conferenza stampa di presentazione dell\u2019evento ciclistico<\/p>\n<p>Sono intervenuti Ildos di fi\u2019zi:k, Borgna di ACSI, Maroso e Bertacco di Studio RX e Angela Bernardi<\/p>\n<p>Prova del Campionato Nazionale ACSI, Al\u00e9 Challenge e Maglia Nera by Pinarello<\/p>\n<p>&nbsp;<\/p>\n<p>&nbsp;<\/p>\n<p>Oggi alla sede fi\u2019zi:k di Pozzoleone (VI) si \u00e8 svolta la conferenza stampa di presentazione dell\u2019appuntamento ciclistico del 24 aprile \u201cGranfondo fi\u2019zi:k\u201d di Marostica, organizzato da Studio RX con la prestigiosa partnership del marchio fi\u2019zi:k. Allo showroom sono intervenuti il responsabile marketing di fi\u2019zi:k Nicol\u00f2 Ildos, il responsabile nazionale di ACSI Ciclismo Emiliano Borgna, Andrea Maroso e Lorenzo Bertacco, rispettivamente responsabile tecnico e titolare di Studio RX, Angela Bernardi del Comune di Marostica e l\u2019atleta Francesco Martucci a presentare l\u2019evento Criterium di sabato 23 aprile.<\/p>\n<p>Il primo a prendere la parola \u00e8 stato Nicol\u00f2 Ildos, raccontando il ruolo di fi\u2019zi:k nella manifestazione, e l\u2019importanza di valorizzare gli scenari unici al mondo del territorio marosticense: \u201cPorto i saluti di tutto lo staff di Selle Royal, sottolineando il legame indissolubile tra fi\u2019zi:k e la gara, oltre all\u2019amministrazione comunale di Marostica che ci ha sempre supportato ed ospitato. Avere una piazza simile a disposizione per due giorni \u00e8 veramente un onore. Il senso dell\u2019evento \u00e8 quello di portare ai nostri appassionati clienti un\u2019esperienza unica, abbiamo dunque lavorato sulle eccellenze tecniche del territorio, come i vari partner che ci affiancano, ingredienti che ci permettono di rendere unica questa pedalata. Noi di fi\u2019zi:k sappiamo cosa significhi andare in bici, ma tenevamo particolarmente a creare un evento a 360\u00b0, capace di coinvolgere continuativamente nel corso degli anni i nostri amati corridori\u201d.<\/p>\n<p>La parola \u00e8 passata poi al presidente del consiglio comunale di Marostica, Angela Bernardi: \u201cPorto i saluti del sindaco e delle amministrazioni, spero che la nostra collaborazione con Studio RX e fi\u2019zi:k continui, i cittadini aspettano questa gara di anno in anno, in questa stagione particolarmente, con molte sorprese a cominciare dal sabato sera\u201d. Tante sorprese anche nel pacco gara della competizione dedicata alle due ruote, come un cappellino PEdAL ED dal design accattivante, una bottiglia di vino Jeio della cantina Bisol, una borraccia ed un \u201ctiraleve\u201d Continental, un coupon dello sponsor Kask ed uno speciale omaggio fi\u2019zi:k che rimarr\u00e0 \u201cnascosto\u201d fino al giorno della gara. Andrea Maroso di Studio RX ha sottolineato l\u2019importanza dei tracciati, autentici poli di attrazione: \u201cI percorsi sono il nostro biglietto da visita, la salita di Castelletto \u00e8 un \u2018must\u2019, ci hanno chiesto a gran voce di riconfermarli rispetto alla scorsa annata, anche se eravamo intenzionati a risalire le nostre montagne da altri versanti. La Granfondo \u00e8 il percorso, sono gli itinerari a creare la gara, la gente viene a Marostica per pedalare e noi vogliamo che tutto ci\u00f2 avvenga in assoluta sicurezza. Vogliamo che i ciclisti si sentano padroni della strada. Abbiamo tolto il \u2018Verenetta\u2019 perch\u00e9 molti si sono trovati in difficolt\u00e0 lo scorso anno, lasciamo la classicissima \u2018Corno\u2019, una salita alla portata di tutti nel lungo. Il chiodo fisso di Studio RX \u00e8 la sicurezza, sul percorso abbiamo una trentina di moto e un totale di oltre 100 volontari collegati fra di loro\u201d.<\/p>\n<p>\u201cfi\u2019zi:k \u00e8 un racing brand \u2013 prosegue Ildos &#8211; fra 18 squadre del World Tour ben 8 pedalano con selle fi\u2019zi:k, con una quarantina di atleti dotati di scarpe fi\u2019zi:k, come il campione belga Philippe Gilbert\u201d; da oggi sino al giorno della gara ognuno di questi grandi campioni porter\u00e0 il proprio saluto alla granfondo, a cominciare dallo spagnolo Alejandro Valverde. Tanti anche i pro presenti alla gara, come il veronese Elia Viviani che pedala in sella fi&#8217;zi:k Arione, Daniel Oss del BMC Racing Team, su selle fi\u2019zi:k Aliante e con scarpe fi\u2019zi:k R3B, Matteo Montaguti della squadra francese dell\u2019AG2R La Mondiale, su selle fi\u2019zi:k Arione e con scarpe fi\u2019zi:k R1B.<\/p>\n<p>La Granfondo fi&#8217;zi:k \u00e8 prova Maglia Nera by Pinarello, Al\u00e9 Challenge e del Campionato Nazionale ACSI, presente qui oggi nella figura del responsabile nazionale Emiliano Borgna: \u201cSar\u00f2 presente come concorrente anche domenica 24 in quest\u2019evento unico nel suo genere, in un territorio bellissimo e con una partenza da togliere il fiato. ACSI annovera manifestazioni d\u2019\u00e9lite come Selle Italia, partita con 4000 atleti lo scorso 3 aprile, Colnago Cycling Festival, Marcialonga Cycling, ed \u00e8 per noi un grande onore che anche la Granfondo fi\u2019zi:k si svolga sotto la nostra egida. La nostra polizza giornaliera dura 24 ore e copre anche gli allenamenti, con 1500 manifestazioni totali, 45000 affiliati e 1800 societ\u00e0, numeri che nessun altro ente riesce ad ottenere. Ci sono tante manifestazioni in Italia e la differenza la si fa offrendo la qualit\u00e0, fare i complimenti sarebbe scontato, ma questo \u00e8 davvero un evento spettacolare\u201d.<\/p>\n<p>fi\u2019zi:k \u00e8 un grande evento, che comincer\u00e0 sabato con un Expo in Piazza degli Scacchi, costituito da assaggi di prodotti, aziende partner che faranno testare i propri articoli, e tanti concorrenti provenienti dall\u2019estero che visiteranno le attrazioni di Marostica, a fronte anche della partnership dell\u2019evento con l\u2019Austria Top Tour. fi\u2019zi:k promuover\u00e0 anche un appuntamento spettacolare, che si disputer\u00e0 sabato 23 aprile alle 20.30, il Criterium a scatto fisso, raccontato da Martucci di Oakley: \u201cL\u2019importante \u00e8 saper guidare in un circuito molto tecnico, una gara non molto lunga ma spettacolare. Io sar\u00f2 di supporto tecnico, stiamo cercando di creare qualcosa di bello, per intrattenere anche la gente il sabato sera. Il circuito sar\u00e0 di circa 1 km e girer\u00e0 attorno al Castello Inferiore di Marostica, per circa 30 volte, il pubblico non si annoier\u00e0 di certo\u201d.<\/p>\n<p>Lorenzo Bertacco ha concluso la serie di interventi raccontando l\u2019esperienza e competenza di Studio RX: \u201cLa nostra \u00e8 una piccola societ\u00e0 che si occupa di organizzazione di eventi, onorata di far parte di brand che non hanno bisogno di presentazioni come Continental, Kask, fi\u2019zi:k, quest\u2019evento ha una natura amatoriale ma gran parte dei concorrenti si allenano e competono con passione come veri professionisti\u201d.<\/p>\n<p>Chiusura sulla Associazione Italiana Progeria Sammy Basso, con la quale, attraverso la gestione del beverage da parte dei volontari della Onlus al pasta party conclusivo, verranno raccolti fondi per bambini affetti dalla sindrome di Hutchinson-Gilford (HGPS), il cui nome deriva del greco e significa \u201cprematuramente vecchio\u201d, una malattia genetica rarissima caratterizzata da un invecchiamento precoce nei bambini. I membri dell\u2019Associazione saranno presenti anche sabato per offrire un buon bicchiere di prosecco Bisol ai presenti alle iscrizioni.<\/p>\n<p>Info: <a href=\"http:\/\/www.granfondofizik.it\/\">www.granfondofizik.it<\/a><\/p>\n<p>&nbsp;<\/p>\n<p>L\u2019augurio di Alejandro Valverde ai concorrenti della Granfondo fi\u2019zi:k:<\/p>\n<p><u><a href=\"https:\/\/www.youtube.com\/watch?v=fUSAaFbVX6Q\">https:\/\/www.youtube.com\/watch?v=fUSAaFbVX6Q<\/a><\/u><\/p>\n","protected":false},"excerpt":{"rendered":"<p>Domenica 24 aprile Granfondo fi\u2019zi:k a Marostica (VI) Oggi conferenza stampa di presentazione dell\u2019evento ciclistico Sono intervenuti Ildos di fi\u2019zi:k, Borgna di ACSI, Maroso e Bertacco di Studio RX e Angela Bernardi Prova del Campionato Nazionale ACSI, Al\u00e9 Challenge e Maglia Nera by Pinarello &nbsp; &nbsp; Oggi alla sede fi\u2019zi:k di Pozzoleone (VI) si \u00e8 [&hellip;]<\/p>\n","protected":false},"author":15,"featured_media":0,"comment_status":"open","ping_status":"open","sticky":false,"template":"","format":"standard","meta":{"footnotes":""},"categories":[29],"tags":[],"class_list":["post-8915","post","type-post","status-publish","format-standard","hentry","category-comunicati"],"_links":{"self":[{"href":"https:\/\/www.area-press.eu\/comunicatistampa\/wp-json\/wp\/v2\/posts\/8915","targetHints":{"allow":["GET"]}}],"collection":[{"href":"https:\/\/www.area-press.eu\/comunicatistampa\/wp-json\/wp\/v2\/posts"}],"about":[{"href":"https:\/\/www.area-press.eu\/comunicatistampa\/wp-json\/wp\/v2\/types\/post"}],"author":[{"embeddable":true,"href":"https:\/\/www.area-press.eu\/comunicatistampa\/wp-json\/wp\/v2\/users\/15"}],"replies":[{"embeddable":true,"href":"https:\/\/www.area-press.eu\/comunicatistampa\/wp-json\/wp\/v2\/comments?post=8915"}],"version-history":[{"count":1,"href":"https:\/\/www.area-press.eu\/comunicatistampa\/wp-json\/wp\/v2\/posts\/8915\/revisions"}],"predecessor-version":[{"id":8916,"href":"https:\/\/www.area-press.eu\/comunicatistampa\/wp-json\/wp\/v2\/posts\/8915\/revisions\/8916"}],"wp:attachment":[{"href":"https:\/\/www.area-press.eu\/comunicatistampa\/wp-json\/wp\/v2\/media?parent=8915"}],"wp:term":[{"taxonomy":"category","embeddable":true,"href":"https:\/\/www.area-press.eu\/comunicatistampa\/wp-json\/wp\/v2\/categories?post=8915"},{"taxonomy":"post_tag","embeddable":true,"href":"https:\/\/www.area-press.eu\/comunicatistampa\/wp-json\/wp\/v2\/tags?post=8915"}],"curies":[{"name":"wp","href":"https:\/\/api.w.org\/{rel}","templated":true}]}}