{"id":8906,"date":"2016-04-13T14:14:22","date_gmt":"2016-04-13T12:14:22","guid":{"rendered":"http:\/\/www.area-press.eu\/comunicatistampa\/?p=8906"},"modified":"2016-04-13T14:14:22","modified_gmt":"2016-04-13T12:14:22","slug":"cori-consegnati-gli-attestati-di-partecipazione-al-corso-di-formazione-per-sul-tema-dei-disturbi-dello-spettro-autistico","status":"publish","type":"post","link":"https:\/\/www.area-press.eu\/comunicatistampa\/2016\/04\/13\/cori-consegnati-gli-attestati-di-partecipazione-al-corso-di-formazione-per-sul-tema-dei-disturbi-dello-spettro-autistico\/","title":{"rendered":"Cori: consegnati gli attestati di partecipazione al corso di formazione per sul tema dei \u2018Disturbi dello spettro Autistico\u2019"},"content":{"rendered":"<p>Sono terminati con la <strong>consegna degli attestati di partecipazione<\/strong> gli incontri di formazione sul tema dei <strong>\u2018Disturbi dello spettro Autistico\u2019, il nuovo ciclo <\/strong>che ha visto impegnati ancora una volta l\u2019Assessorato alle Politiche Sociali e i Servizi Sociali di Cori, insieme all\u2019Istituto Comprensivo Statale \u2018Cesare Chiominto\u2019. Il corso, al quale hanno preso parte <strong>una trentina di<\/strong> <strong>insegnanti dell\u2019infanzia, della primaria e della secondaria inferiore di Cori e Giulianello<\/strong>, \u00e8 stato tenuto dalla psicologa specializzata del Servizio di Integrazione Scolastica del Comune di Cori.<\/p>\n<p>Il progetto rientrava nei <strong>momenti formativi rivolti ai docenti per l\u2019aggiornamento e la conoscenza di alcune tematiche rilevanti per lo svolgimento del loro lavoro quotidiano<\/strong>. Le lezioni presso la \u2018Virgilio Laurienti\u2019 sono state occasione di approfondimento teorico\/pratico sui Disturbi dello spettro Autistico. Ai partecipanti sono stati forniti utili suggerimenti per lavorare in modo adeguato ed efficace sugli aspetti caratteristici degli alunni autistici, in modo da poter programmare ed attivare <strong>azioni concrete e rispondenti alle loro particolari esigenze educativo-didattiche <\/strong>e capaci di favorirne l\u2019effettiva inclusione scolastica.<\/p>\n<p>Un\u2019ulteriore tappa del percorso di collaborazione tra l\u2019Amministrazione comunale e la Scuola, al fine di costruire una rete operativa sinergica che abbia al centro il bambino intenso come cittadino e come studente al quale garantire la <strong>personalizzazione dell\u2019insegnamento <\/strong>in base alle sue specifiche necessit\u00e0, e offrire al corpo docente gli strumenti utili all\u2019attuazione di questo principio\/diritto sancito dalla legge.<\/p>\n<p>Il Comune e la Scuola di Cori, dal confronto tra esperti ed educatori, puntano a far emergere strategie comuni d\u2019insegnamento utili alla vita scolastica di ciascun alunno. La <strong>preparazione degli istituti scolastici<\/strong> a rapportarsi al meglio con le tematiche legate alle diverse disabilit\u00e0 \u00e8 indispensabile per cercare di assicurare ai ragazzi <strong>pari opportunit\u00e0 educative e di sviluppo professionale<\/strong>.<\/p>\n","protected":false},"excerpt":{"rendered":"<p>Sono terminati con la consegna degli attestati di partecipazione gli incontri di formazione sul tema dei \u2018Disturbi dello spettro Autistico\u2019, il nuovo ciclo che ha visto impegnati ancora una volta l\u2019Assessorato alle Politiche Sociali e i Servizi Sociali di Cori, insieme all\u2019Istituto Comprensivo Statale \u2018Cesare Chiominto\u2019. Il corso, al quale hanno preso parte una trentina [&hellip;]<\/p>\n","protected":false},"author":659,"featured_media":0,"comment_status":"open","ping_status":"open","sticky":false,"template":"","format":"standard","meta":{"footnotes":""},"categories":[4],"tags":[],"class_list":["post-8906","post","type-post","status-publish","format-standard","hentry","category-attualita-e-societa"],"_links":{"self":[{"href":"https:\/\/www.area-press.eu\/comunicatistampa\/wp-json\/wp\/v2\/posts\/8906","targetHints":{"allow":["GET"]}}],"collection":[{"href":"https:\/\/www.area-press.eu\/comunicatistampa\/wp-json\/wp\/v2\/posts"}],"about":[{"href":"https:\/\/www.area-press.eu\/comunicatistampa\/wp-json\/wp\/v2\/types\/post"}],"author":[{"embeddable":true,"href":"https:\/\/www.area-press.eu\/comunicatistampa\/wp-json\/wp\/v2\/users\/659"}],"replies":[{"embeddable":true,"href":"https:\/\/www.area-press.eu\/comunicatistampa\/wp-json\/wp\/v2\/comments?post=8906"}],"version-history":[{"count":1,"href":"https:\/\/www.area-press.eu\/comunicatistampa\/wp-json\/wp\/v2\/posts\/8906\/revisions"}],"predecessor-version":[{"id":8907,"href":"https:\/\/www.area-press.eu\/comunicatistampa\/wp-json\/wp\/v2\/posts\/8906\/revisions\/8907"}],"wp:attachment":[{"href":"https:\/\/www.area-press.eu\/comunicatistampa\/wp-json\/wp\/v2\/media?parent=8906"}],"wp:term":[{"taxonomy":"category","embeddable":true,"href":"https:\/\/www.area-press.eu\/comunicatistampa\/wp-json\/wp\/v2\/categories?post=8906"},{"taxonomy":"post_tag","embeddable":true,"href":"https:\/\/www.area-press.eu\/comunicatistampa\/wp-json\/wp\/v2\/tags?post=8906"}],"curies":[{"name":"wp","href":"https:\/\/api.w.org\/{rel}","templated":true}]}}