{"id":8879,"date":"2016-04-13T12:14:31","date_gmt":"2016-04-13T10:14:31","guid":{"rendered":"http:\/\/www.area-press.eu\/comunicatistampa\/?p=8879"},"modified":"2016-04-13T12:14:31","modified_gmt":"2016-04-13T10:14:31","slug":"chi-fa-da-se-fa-per-tre-in-un-trasloco-e-realmente-cosi","status":"publish","type":"post","link":"https:\/\/www.area-press.eu\/comunicatistampa\/2016\/04\/13\/chi-fa-da-se-fa-per-tre-in-un-trasloco-e-realmente-cosi\/","title":{"rendered":"Chi fa da s\u00e9 fa per tre: in un trasloco \u00e8 realmente cos\u00ec?"},"content":{"rendered":"<p>Molte persone che si trovano nella necessit\u00e0 di effettuare un trasloco si pongono una domanda piuttosto semplice: possiamo occuparci da soli almeno di alcune fasi del trasloco, o \u00e8 meglio incaricare un&#8217;azienda di professionisti?<br \/>\nE&#8217; indubbio, fare da soli pu\u00f2 farvi risparmiare soldi, almeno ad una prima considerazione, ma siete sicuri di non dover poi pagare altrimenti, ed in modo pi\u00f9 salato, questo risparmio iniziale? Il fai da te pu\u00f2 esporre i vostri oggetti a rischi di danneggiamenti durante il trasporto (rischio mai escluso anche da professionisti che, per questo, sono adeguatamente assicurati&#8230;), mentre i professionisti (la cui scelta \u00e8 comunque da valutare attentamente) sono dotati di esperienza e mezzi che riducono questi rischi al minimo.<br \/>\nSenza contare che il tempo \u00e8 denaro: quante ore di lavoro vi saranno necessarie per completare il trasloco, dall&#8217;inizio alla fine? Tempo che magari verr\u00e0 sottratto al lavoro (o al riposo&#8230;). Naturalmente potreste decidere di occuparvi da soli di imballare gli oggetti da trasportare, per poi lasciare solo il trasporto a professionisti: in questo caso considerate che molte aziende potrebbero non rispondere di danni agli oggetti trasportati causati da imperizia nella fase di inscatolamento.<br \/>\nNessi <a href=\"http:\/\/www.nessi.it\">traslochi Milano<\/a> \u00e8 un vero punto di riferimento nel settore dei traslochi in Lombardia e, pi\u00f9 in genere, in tutta Italia, grazie ad una flotta di mezzi e ad un team specializzato che ci consente di effettuare servizi da e per tutta Europa: richiedici un preventivo dettagliato.<\/p>\n","protected":false},"excerpt":{"rendered":"<p>Molte persone che si trovano nella necessit\u00e0 di effettuare un trasloco si pongono una domanda piuttosto semplice: possiamo occuparci da soli almeno di alcune fasi del trasloco, o \u00e8 meglio incaricare un&#8217;azienda di professionisti? E&#8217; indubbio, fare da soli pu\u00f2 farvi risparmiare soldi, almeno ad una prima considerazione, ma siete sicuri di non dover poi [&hellip;]<\/p>\n","protected":false},"author":101,"featured_media":0,"comment_status":"open","ping_status":"open","sticky":false,"template":"","format":"standard","meta":{"footnotes":""},"categories":[29],"tags":[],"class_list":["post-8879","post","type-post","status-publish","format-standard","hentry","category-comunicati"],"_links":{"self":[{"href":"https:\/\/www.area-press.eu\/comunicatistampa\/wp-json\/wp\/v2\/posts\/8879","targetHints":{"allow":["GET"]}}],"collection":[{"href":"https:\/\/www.area-press.eu\/comunicatistampa\/wp-json\/wp\/v2\/posts"}],"about":[{"href":"https:\/\/www.area-press.eu\/comunicatistampa\/wp-json\/wp\/v2\/types\/post"}],"author":[{"embeddable":true,"href":"https:\/\/www.area-press.eu\/comunicatistampa\/wp-json\/wp\/v2\/users\/101"}],"replies":[{"embeddable":true,"href":"https:\/\/www.area-press.eu\/comunicatistampa\/wp-json\/wp\/v2\/comments?post=8879"}],"version-history":[{"count":1,"href":"https:\/\/www.area-press.eu\/comunicatistampa\/wp-json\/wp\/v2\/posts\/8879\/revisions"}],"predecessor-version":[{"id":8880,"href":"https:\/\/www.area-press.eu\/comunicatistampa\/wp-json\/wp\/v2\/posts\/8879\/revisions\/8880"}],"wp:attachment":[{"href":"https:\/\/www.area-press.eu\/comunicatistampa\/wp-json\/wp\/v2\/media?parent=8879"}],"wp:term":[{"taxonomy":"category","embeddable":true,"href":"https:\/\/www.area-press.eu\/comunicatistampa\/wp-json\/wp\/v2\/categories?post=8879"},{"taxonomy":"post_tag","embeddable":true,"href":"https:\/\/www.area-press.eu\/comunicatistampa\/wp-json\/wp\/v2\/tags?post=8879"}],"curies":[{"name":"wp","href":"https:\/\/api.w.org\/{rel}","templated":true}]}}