{"id":8861,"date":"2016-04-13T12:14:31","date_gmt":"2016-04-13T10:14:31","guid":{"rendered":"http:\/\/www.area-press.eu\/comunicatistampa\/?p=8861"},"modified":"2016-04-13T12:14:31","modified_gmt":"2016-04-13T10:14:31","slug":"lofferta-della-cycling-craft-non-ha-eguali-al-via-fra-60-giorni-la-2a-creazione-marcialonga","status":"publish","type":"post","link":"https:\/\/www.area-press.eu\/comunicatistampa\/2016\/04\/13\/lofferta-della-cycling-craft-non-ha-eguali-al-via-fra-60-giorni-la-2a-creazione-marcialonga\/","title":{"rendered":"L\u2019OFFERTA DELLA CYCLING CRAFT NON HA EGUALI, AL VIA FRA 60 GIORNI LA 2\u00aa \u201cCREAZIONE\u201d MARCIALONGA"},"content":{"rendered":"<p>12 giugno nel segno della Marcialonga Cycling Craft di Fiemme e Fassa (TN)<\/p>\n<p>Accordo raggiunto con gli hotel della zona per fornire tutti i servizi necessari agli atleti<\/p>\n<p>Iscrizioni aperte anche per lo speciale contest \u201cUna squadra vincente\u201d e per due pettorali \u201cSportler\u201d<\/p>\n<p>Prestigiosi circuiti internazionali e nostrani premieranno la decima edizione dell\u2019evento<\/p>\n<p>&nbsp;<\/p>\n<p>&nbsp;<\/p>\n<p>Il comitato organizzatore della Marcialonga ha raggiunto un accordo con le strutture alberghiere della Val di Fiemme, garantendo ai concorrenti della decima Marcialonga Cycling Craft del 12 giugno il massimo delle opportunit\u00e0 e la possibilit\u00e0 di gustarsi appieno la bellezza delle valli trentine. Al sito web di riferimento www.marcialonga.it i cicloamatori potranno trovare tutte le strutture convenzionate.<\/p>\n<p>Il presidente dell\u2019Azienda di Promozione Turistica di Fiemme Renato Dellagiacoma e il direttore Bruno Felicetti hanno espresso cos\u00ec il loro supporto a Marcialonga e a tutti gli atleti che onoreranno della loro presenza il comitato organizzatore e le strutture alberghiere di valle: \u201cDesideriamo confermare la nostra massima collaborazione agli eventi organizzati da Marcialonga con competenza, dedizione e passione\u201d.<\/p>\n<p>La Marcialonga Cycling Craft si disputa in un momento ideale della stagione sportiva e turistica, e pu\u00f2 essere considerata a tutti gli effetti come una ulteriore grande manifestazione per le Valli di Fiemme e Fassa. Contattando direttamente l\u2019Hotel che il ciclista avr\u00e0 scelto, egli potr\u00e0 garantirsi anche un deposito sicuro per la propria bicicletta, e coloro che non vorranno proprio separarsene potranno addirittura\u2026 portarsela in camera! Un\u2019abbondante colazione verr\u00e0 \u201csfornata\u201d dagli staff dei vari Hotel, anticipatamente rispetto all\u2019orario previsto, in modo da garantire una resa ottimale nel corso della gara. Saranno inoltre messe a disposizione un numero minimo di camere per la giornata di domenica, la possibilit\u00e0 di doccia e deposito bagagli, oltre a prezzi agevolati per chi decider\u00e0 di restare per pi\u00f9 di una notte.<\/p>\n<p>La Marcialonga Cycling Craft proporr\u00e0 anche lo speciale contest \u201cUna squadra vincente\u201d, il cui must \u00e8 un team che sappia abbinare un mix di passione, tenacia, divertimento e condivisione. Baster\u00e0 scegliere i componenti della propria squadra e compilare il modulo d\u2019iscrizione presente sul sito web www.marcialonga.it, inviandolo all\u2019indirizzo mail info@marcialonga.it oppure al fax 0462.501120 entro il 7 giugno. L&#8217;iscrizione alla sfida \u00e8 gratuita ed in palio ci sono delle sfiziose opportunit\u00e0 per tutti i concorrenti del team, perch\u00e9 come recita la frase proposta da Marcialonga per quest\u2019iniziativa: \u201cRitrovarsi insieme \u00e8 un inizio, allenarsi insieme \u00e8 un progresso, riuscire a gareggiare insieme in una squadra \u00e8 un successo\u201d.<\/p>\n<p>Lo sponsor Sportler metter\u00e0 a disposizione degli appassionati alcuni pettorali gratuiti per partecipare ad eventi sparsi per l\u2019Europa, e tra di essi ci sar\u00e0 anche la Marcialonga Cycling Craft, baster\u00e0 candidarsi su my.sportler.com\/it\/vinci-il-tuo-pettorale entro il 30 aprile per partecipare al concorso che mette in palio dei pacchetti comprendenti due pettorali per poter competere alla decima edizione con partenza ed arrivo a Predazzo.<\/p>\n<p>Per quanto riguarda i percorsi, vengono riproposti agli appassionati i due tracciati che cos\u00ec tanti aficionados hanno raccolto allo start lo scorso anno: il mediofondo di 80 km con 1.894 metri di dislivello ed il granfondo di 135 km con un dislivello di 3.279 metri. L\u2019iscrizione per partecipare alla Marcialonga Cycling Craft \u00e8 fissata a 30 euro sino al 9 maggio. L\u2019appeal della bicicletta di Fiemme e Fassa giunge fino ai mercati esteri, attirati dal brand Marcialonga, anche e non solo per questo motivo, la Marcialonga Cycling Craft \u00e8 stata chiamata a partecipare come unica tappa italiana al prestigioso Gran Fondo World Tour, un circuito che racchiude l\u2019agonismo di tre continenti. Il comitato organizzatore della Marcialonga era inoltre presente a Barcellona, al primo appuntamento del contest ciclistico internazionale, sia alla conferenza di presentazione che alla gara, vinta da Laura Monegal e Josep Oriola Gasc\u00f2n, cos\u00ec come sar\u00e0 presente con uno stand ed interessanti offerte al Colnago Cycling Festival dell\u20198 maggio, una sfida valevole per l\u2019innovativo Zero Wind Show di cui Marcialonga \u00e8 la settima prova. La Marcialonga Cycling Craft far\u00e0 inoltre parte del Campionato Nazionale ACSI.<\/p>\n<p>Info: <a href=\"http:\/\/www.marcialonga.it\/\">www.marcialonga.it<\/a><\/p>\n","protected":false},"excerpt":{"rendered":"<p>12 giugno nel segno della Marcialonga Cycling Craft di Fiemme e Fassa (TN) Accordo raggiunto con gli hotel della zona per fornire tutti i servizi necessari agli atleti Iscrizioni aperte anche per lo speciale contest \u201cUna squadra vincente\u201d e per due pettorali \u201cSportler\u201d Prestigiosi circuiti internazionali e nostrani premieranno la decima edizione dell\u2019evento &nbsp; &nbsp; [&hellip;]<\/p>\n","protected":false},"author":15,"featured_media":0,"comment_status":"open","ping_status":"open","sticky":false,"template":"","format":"standard","meta":{"footnotes":""},"categories":[29],"tags":[],"class_list":["post-8861","post","type-post","status-publish","format-standard","hentry","category-comunicati"],"_links":{"self":[{"href":"https:\/\/www.area-press.eu\/comunicatistampa\/wp-json\/wp\/v2\/posts\/8861","targetHints":{"allow":["GET"]}}],"collection":[{"href":"https:\/\/www.area-press.eu\/comunicatistampa\/wp-json\/wp\/v2\/posts"}],"about":[{"href":"https:\/\/www.area-press.eu\/comunicatistampa\/wp-json\/wp\/v2\/types\/post"}],"author":[{"embeddable":true,"href":"https:\/\/www.area-press.eu\/comunicatistampa\/wp-json\/wp\/v2\/users\/15"}],"replies":[{"embeddable":true,"href":"https:\/\/www.area-press.eu\/comunicatistampa\/wp-json\/wp\/v2\/comments?post=8861"}],"version-history":[{"count":1,"href":"https:\/\/www.area-press.eu\/comunicatistampa\/wp-json\/wp\/v2\/posts\/8861\/revisions"}],"predecessor-version":[{"id":8862,"href":"https:\/\/www.area-press.eu\/comunicatistampa\/wp-json\/wp\/v2\/posts\/8861\/revisions\/8862"}],"wp:attachment":[{"href":"https:\/\/www.area-press.eu\/comunicatistampa\/wp-json\/wp\/v2\/media?parent=8861"}],"wp:term":[{"taxonomy":"category","embeddable":true,"href":"https:\/\/www.area-press.eu\/comunicatistampa\/wp-json\/wp\/v2\/categories?post=8861"},{"taxonomy":"post_tag","embeddable":true,"href":"https:\/\/www.area-press.eu\/comunicatistampa\/wp-json\/wp\/v2\/tags?post=8861"}],"curies":[{"name":"wp","href":"https:\/\/api.w.org\/{rel}","templated":true}]}}