{"id":8787,"date":"2016-04-12T11:50:00","date_gmt":"2016-04-12T09:50:00","guid":{"rendered":"http:\/\/www.area-press.eu\/comunicatistampa\/?p=8787"},"modified":"2016-04-12T11:50:00","modified_gmt":"2016-04-12T09:50:00","slug":"frutta-nelle-scuole-di-cori-e-giulianello","status":"publish","type":"post","link":"https:\/\/www.area-press.eu\/comunicatistampa\/2016\/04\/12\/frutta-nelle-scuole-di-cori-e-giulianello\/","title":{"rendered":"\u2018Frutta nelle Scuole\u2019 di Cori e Giulianello"},"content":{"rendered":"<p><em>\u00abSe la mangi, ti frutta\u00bb<\/em>. Per il settimo anno consecutivo le scuole primarie dell\u2019Istituto Comprensivo Statale \u2018Cesare Chiominto\u2019 hanno aderito al programma europeo di formazione\/informazione <strong>\u2018Frutta nelle scuole\u2019<\/strong>, curato a livello nazionale dal MiPAAF \u2013 Ministero delle Politiche Agricole Alimentari e Forestali.<\/p>\n<p>L\u2019obiettivo principale \u00e8 quello di<strong> aumentare il consumo di frutta e verdura da parte dei bambini<\/strong> ed attuare iniziative che supportino corrette abitudini alimentari e una nutrizione maggiormente equilibrata, iniziando proprio dalla fase in cui si formano.<\/p>\n<p>Tra le finalit\u00e0 anche quella di aiutare i giovani a svincolarsi dalle continue pressioni pubblicitarie e <strong>sviluppare una capacit\u00e0 di scelta consapevole dei diversi prodotti naturali<\/strong>, incentivando per questa via la realizzazione di un pi\u00f9 stretto rapporto tra il produttore-fornitore e il consumatore.<\/p>\n<p>Presso la \u2018Virgilio Laurienti\u2019 di Cori e la \u2018Don Silvestro Radicchi\u2019 di Giulianello \u00e8 in corso la <strong>distribuzione gratuita ed assistita di prodotti ortofrutticoli freschi<\/strong>, selezionati in base alla loro semplicit\u00e0 d\u2019uso, fruibilit\u00e0 e disponibilit\u00e0 stagionale, ma soprattutto alla loro qualit\u00e0 certificata.<\/p>\n<p>A ci\u00f2 si aggiunge una <strong>specifica attivit\u00e0 informativa ed educativa<\/strong> mediante la consegna di apposito materiale esplicativo, rivolta a sia agli studenti che agli insegnanti e ai genitori, perch\u00e9 <em>\u00abNutrirsi bene, \u00e8 un insegnamento che frutta\u00bb<\/em>.<\/p>\n","protected":false},"excerpt":{"rendered":"<p>\u00abSe la mangi, ti frutta\u00bb. Per il settimo anno consecutivo le scuole primarie dell\u2019Istituto Comprensivo Statale \u2018Cesare Chiominto\u2019 hanno aderito al programma europeo di formazione\/informazione \u2018Frutta nelle scuole\u2019, curato a livello nazionale dal MiPAAF \u2013 Ministero delle Politiche Agricole Alimentari e Forestali. L\u2019obiettivo principale \u00e8 quello di aumentare il consumo di frutta e verdura da [&hellip;]<\/p>\n","protected":false},"author":659,"featured_media":0,"comment_status":"open","ping_status":"open","sticky":false,"template":"","format":"standard","meta":{"footnotes":""},"categories":[4],"tags":[],"class_list":["post-8787","post","type-post","status-publish","format-standard","hentry","category-attualita-e-societa"],"_links":{"self":[{"href":"https:\/\/www.area-press.eu\/comunicatistampa\/wp-json\/wp\/v2\/posts\/8787","targetHints":{"allow":["GET"]}}],"collection":[{"href":"https:\/\/www.area-press.eu\/comunicatistampa\/wp-json\/wp\/v2\/posts"}],"about":[{"href":"https:\/\/www.area-press.eu\/comunicatistampa\/wp-json\/wp\/v2\/types\/post"}],"author":[{"embeddable":true,"href":"https:\/\/www.area-press.eu\/comunicatistampa\/wp-json\/wp\/v2\/users\/659"}],"replies":[{"embeddable":true,"href":"https:\/\/www.area-press.eu\/comunicatistampa\/wp-json\/wp\/v2\/comments?post=8787"}],"version-history":[{"count":1,"href":"https:\/\/www.area-press.eu\/comunicatistampa\/wp-json\/wp\/v2\/posts\/8787\/revisions"}],"predecessor-version":[{"id":8788,"href":"https:\/\/www.area-press.eu\/comunicatistampa\/wp-json\/wp\/v2\/posts\/8787\/revisions\/8788"}],"wp:attachment":[{"href":"https:\/\/www.area-press.eu\/comunicatistampa\/wp-json\/wp\/v2\/media?parent=8787"}],"wp:term":[{"taxonomy":"category","embeddable":true,"href":"https:\/\/www.area-press.eu\/comunicatistampa\/wp-json\/wp\/v2\/categories?post=8787"},{"taxonomy":"post_tag","embeddable":true,"href":"https:\/\/www.area-press.eu\/comunicatistampa\/wp-json\/wp\/v2\/tags?post=8787"}],"curies":[{"name":"wp","href":"https:\/\/api.w.org\/{rel}","templated":true}]}}