{"id":86558,"date":"2025-08-01T12:10:36","date_gmt":"2025-08-01T10:10:36","guid":{"rendered":"https:\/\/www.area-press.eu\/comunicatistampa\/?p=86558"},"modified":"2025-08-01T12:10:36","modified_gmt":"2025-08-01T10:10:36","slug":"flowertime-bruxelles-questestate-si-veste-di-fiori","status":"publish","type":"post","link":"https:\/\/www.area-press.eu\/comunicatistampa\/2025\/08\/01\/flowertime-bruxelles-questestate-si-veste-di-fiori\/","title":{"rendered":"FLOWERTIME: Bruxelles quest\u2019estate si veste di fiori"},"content":{"rendered":"<p>C\u2019\u00e8 un momento, ogni due anni, in cui il <strong>cuore di Bruxelles sboccia<\/strong>: <strong>le porte del<\/strong> <strong>Municipio che domina la Grand Place, solitamente chiuse al pubblico, si aprono in via straordinaria<\/strong> e, sala dopo sala, l\u2019eleganza dell\u2019architettura gotica incontra la delicatezza dei fiori, trasformando uno dei luoghi pi\u00f9 iconici della Capitale delle Capitali in uno scenario incantato. Questo momento si chiama <strong>FLOWERTIME<\/strong>, ed \u00e8 una delle esperienze pi\u00f9 affascinanti che Bruxelles ha da offrire, perfetta per chi desidera vivere la citt\u00e0 in modo sorprendente, anche in pieno agosto.<\/p>\n<h2>L\u2019evento FLOWERTIME<\/h2>\n<p>Giunta alla sua settima edizione, FLOWERTIME torna dal <strong>13 al 17 agosto 2025<\/strong> con un nuovo tema ispirato alla creativit\u00e0: un raffinato omaggio alla moda e all\u2019arte tessile, linguaggi espressivi che influenzano l\u2019estetica e il senso del bello. A interpretare questa suggestione saranno <strong>30 artisti floreali<\/strong>, chiamati a reinventare <strong>15 sale storiche<\/strong> del Municipio con <strong>oltre 100.000 fiori freschi<\/strong>, dando vita a installazioni poetiche e multisensoriali, tra intrecci di petali, colori intensi, profumi avvolgenti e dettagli ispirati al mondo dell\u2019haute couture.<\/p>\n<p>E se l\u2019atmosfera dentro il Municipio sa incantare, basta guardare in alto per scoprire un\u2019altra meraviglia: anche <strong>la torre, alta 96 metri, aprir\u00e0 eccezionalmente al pubblico<\/strong> in occasione dell\u2019evento. Chi vorr\u00e0 potr\u00e0 salire i 200 gradini della scala a chiocciola per raggiungere il punto panoramico e lasciarsi stupire da una vista mozzafiato sulla citt\u00e0.<\/p>\n<h2>Le parole di Ursula Jone Gandini, Direttore Italia Ufficio del Turismo di Bruxelles<\/h2>\n<p>Nata dalla stessa squadra che organizza il celebre <strong>Tapis de Fleurs<\/strong> nella Grand Place, FLOWERTIME si svolge in alternanza biennale con il celebre tappeto di fiori e attira ogni volta migliaia di visitatori da tutta Europa: \u201cEventi come FLOWERTIME rappresentano un valore aggiunto per la citt\u00e0 \u2013 commenta <strong>Ursula Jone Gandini, Direttore Italia Ufficio del Turismo di Bruxelles<\/strong> \u2013 perch\u00e9 animano Bruxelles anche nei mesi pi\u00f9 caldi e contribuiscono a stimolare il turismo con proposte culturali di grande qualit\u00e0. La citt\u00e0 non si spegne mai: \u00e8 viva, accogliente, sempre pronta a offrire esperienze coinvolgenti e adatte a tutti\u201d.<\/p>\n<p>Romantico, elegante e aperto a ogni tipo di pubblico, FLOWERTIME \u00e8 molto pi\u00f9 di una mostra floreale: \u00e8 un invito a guardare la citt\u00e0 con occhi nuovi, tra arte, profumi e meraviglia.<\/p>\n","protected":false},"excerpt":{"rendered":"<p>C\u2019\u00e8 un momento, ogni due anni, in cui il cuore di Bruxelles sboccia: le porte del Municipio che domina la Grand Place, solitamente chiuse al pubblico, si aprono in via straordinaria e, sala dopo sala, l\u2019eleganza dell\u2019architettura gotica incontra la delicatezza dei fiori, trasformando uno dei luoghi pi\u00f9 iconici della Capitale delle Capitali in uno [&hellip;]<\/p>\n","protected":false},"author":49,"featured_media":0,"comment_status":"open","ping_status":"open","sticky":false,"template":"","format":"standard","meta":{"footnotes":""},"categories":[17],"tags":[3834,34092,22856],"class_list":["post-86558","post","type-post","status-publish","format-standard","hentry","category-turismo","tag-bruxelles","tag-flowertime","tag-ursula-jone-gandini"],"_links":{"self":[{"href":"https:\/\/www.area-press.eu\/comunicatistampa\/wp-json\/wp\/v2\/posts\/86558","targetHints":{"allow":["GET"]}}],"collection":[{"href":"https:\/\/www.area-press.eu\/comunicatistampa\/wp-json\/wp\/v2\/posts"}],"about":[{"href":"https:\/\/www.area-press.eu\/comunicatistampa\/wp-json\/wp\/v2\/types\/post"}],"author":[{"embeddable":true,"href":"https:\/\/www.area-press.eu\/comunicatistampa\/wp-json\/wp\/v2\/users\/49"}],"replies":[{"embeddable":true,"href":"https:\/\/www.area-press.eu\/comunicatistampa\/wp-json\/wp\/v2\/comments?post=86558"}],"version-history":[{"count":1,"href":"https:\/\/www.area-press.eu\/comunicatistampa\/wp-json\/wp\/v2\/posts\/86558\/revisions"}],"predecessor-version":[{"id":86559,"href":"https:\/\/www.area-press.eu\/comunicatistampa\/wp-json\/wp\/v2\/posts\/86558\/revisions\/86559"}],"wp:attachment":[{"href":"https:\/\/www.area-press.eu\/comunicatistampa\/wp-json\/wp\/v2\/media?parent=86558"}],"wp:term":[{"taxonomy":"category","embeddable":true,"href":"https:\/\/www.area-press.eu\/comunicatistampa\/wp-json\/wp\/v2\/categories?post=86558"},{"taxonomy":"post_tag","embeddable":true,"href":"https:\/\/www.area-press.eu\/comunicatistampa\/wp-json\/wp\/v2\/tags?post=86558"}],"curies":[{"name":"wp","href":"https:\/\/api.w.org\/{rel}","templated":true}]}}