{"id":8655,"date":"2016-04-07T19:05:45","date_gmt":"2016-04-07T17:05:45","guid":{"rendered":"http:\/\/www.area-press.eu\/comunicatistampa\/?p=8655"},"modified":"2016-04-07T19:05:45","modified_gmt":"2016-04-07T17:05:45","slug":"nuovi-orizzonti-con-capol-e-anrather-ecco-la-sportiva-epic-ski-tour-2017-4all","status":"publish","type":"post","link":"https:\/\/www.area-press.eu\/comunicatistampa\/2016\/04\/07\/nuovi-orizzonti-con-capol-e-anrather-ecco-la-sportiva-epic-ski-tour-2017-4all\/","title":{"rendered":"NUOVI ORIZZONTI CON CAPOL E ANRATHER, ECCO \u201cLA SPORTIVA EPIC SKI TOUR\u201d 2017 4ALL"},"content":{"rendered":"<p>L\u2019inventore del Tour de Ski lancia una nuova proposta per lo scialpinismo<\/p>\n<p>Tre gare in Trentino, in Val di Fiemme e Val di Fassa, dal 12 al 15 gennaio 2017<\/p>\n<p>\u00c8 un evento aperto a tutti, ispirato al Tour de Ski di sci di fondo<\/p>\n<p>Coordinamento organizzativo di Kurt Anrather della Curtes Sportevents Marketing<\/p>\n<p>&nbsp;<\/p>\n<p>&nbsp;<\/p>\n<p>Lo scialpinismo sta imperando sempre pi\u00f9 in queste ultime stagioni, con eventi di spicco e molto tecnici, semplici escursioni o affollate \u201cnotturne\u201d su piste.<\/p>\n<p>Ma dalla prossima stagione lo skialp cambia marcia ed \u00e8 tempo de \u201cLa Sportiva Epic Ski Tour\u201d 4All.<\/p>\n<p>Un evento in programma dal 12 al 15 gennaio 2017 sulle nevi del Trentino, nelle Valli di Fiemme e di Fassa, che annuncia piacevoli \u201cstravolgimenti\u201d nel modo di intendere e affrontare lo scialpinismo moderno. L\u2019accostamento \u00e8 d\u2019obbligo al mitico \u201cTour de Ski\u201d, che nello sci di fondo da dieci anni ha cambiato \u2026 il modo di intendere e affrontare lo sci nordico.<\/p>\n<p>In effetti il \u201cTour de Ski\u201d e \u201cLa Sportiva Epic Ski Tour\u201d hanno un\u2026 gene in comune, J\u00fcrg Capol, ora direttore di FIS Marketing per lo sci nordico. Quando nel 2006 il direttore della Coppa del Mondo annunci\u00f2 il Tour de Ski molti furono scettici, soprattutto per il finale disegnato sulla suggestiva e massacrante \u201cfinal climb\u201d sull\u2019Alpe del Cermis in Val di Fiemme: ora \u00e8 diventata una tappa epica e irrinunciabile.<\/p>\n<p>E dal Cermis venerd\u00ec 13 gennaio partir\u00e0 anche \u201cLa Sportiva Epic Ski Tour\u201d ideato e voluto proprio da J\u00fcrg Capol e da Kurt Anrather, la mente ed il braccio del nuovo evento di scialpinismo per tutti. Anrather, altoatesino, \u00e8 il titolare di Curtes Sportevents Marketing, un\u2019azienda che propone da anni collaudati e fortunati eventi di spicco.<\/p>\n<p>Il progetto \u00e8 semplice, assicurare un grande appuntamento sportivo per gli appassionati dello scialpinismo, dedicato sia ai grandi campioni &#8211; e per i pi\u00f9 quotati si annuncia un montepremi di addirittura 46.000 euro &#8211; ma anche agli amatori puri.<\/p>\n<p>Il venerd\u00ec sera si gareggia in una competizione notturna sul Cermis, su un percorso in parte su pista e in parte fuoripista con 750 metri di dislivello per scaldare i muscoli, sabato 14 sci ai piedi, ma anche in spalla, al Passo San Pellegrino con partenza alla stazione di valle della funivia Col Margherita e salita fino a cima Last\u00e8 Pradazzo, a 2580 metri, cui far\u00e0 seguito una seconda salita fino al Col de le Palue. Domenica 15 gennaio ultima giornata al Passo Pordoi, con salita fino a Forcella Pordoi (2829 m.) e poi discesa lungo la selvaggia Val Lasties e risalita fino al Passo.<\/p>\n<p>\u201cLa Sportiva Epic Ski Tour\u201d non sar\u00e0 solo un evento agonistico, ma un grande happening. Si svolger\u00e0 proprio nel week end successivo alla finale del Tour de Ski, con fulcro il Palafiemme di Cavalese dove saranno allestiti i desk di gara, il \u201cvillage\u201d e tutte le attivit\u00e0 collaterali.<\/p>\n<p>Le iscrizioni per l\u2019edizione 2017 sono gi\u00e0 aperte dal primo aprile, cos\u00ec come \u00e8 attivo il sito <a href=\"http:\/\/www.epicskitour.com\/\">www.epicskitour.com<\/a>. Per partecipare \u00e8 sufficiente il certificato medico di idoneit\u00e0 allo sport, la quota \u00e8 di 160 euro cumulativa per le tre gare \u00e8 d\u00e0 diritto a ricevere anche lo speciale casco Combo Helmet La Sportiva del valore commerciale di 139 euro, provvisto della doppia omologazione per utilizzo alpinistico e scialpinistico e che sar\u00e0 obbligatorio indossare durante tutte le competizioni de \u201cLa Sportiva Epic Ski Tour\u201d.<\/p>\n<p>Gli organizzatori nelle tre localit\u00e0 di gara, Alpe Cermis in Val di Femme, Passo San Pellegrino e Passo Pordoi in Val di Fassa, potranno contare sulla collaborazione e sul coordinamento di persone esperte e collaudate per i grandi eventi, e cos\u00ec \u201cLa Sportiva Epic Ski Tour\u201d parte gi\u00e0 grande.<\/p>\n<p>Ecco le parole di J\u00fcrg Capol a proposito di questo sua nuova talentuosa proposta: \u201cL\u2019idea \u00e8 nata durante una telefonata con Kurt, ma seguo lo sviluppo dello scialpinismo gi\u00e0 da tanti anni. La zona della Val di Fassa e della Val di Fiemme \u00e8 il cuore delle Dolomiti e dello scialpinismo, e lo scialpinismo \u00e8 uno sport invernale in forte crescita e che ultimamente si \u00e8 avvicinato allo sci di fondo, forse dobbiamo addirittura pensare di integrare in qualche modo le due discipline. La Sportiva Epic Ski Tour vuole essere una gara per la massa, che propone agonismo ma anche divertimento, praticare lo sport \u00e8 importante ma anche intrecciare nuove amicizie e conoscenze. Per prima cosa vorrei che tante nazioni fossero presenti al via della prima edizione, cos\u00ec sar\u00e0 una grande festa con tanti amici, poi si vedr\u00e0 se allargare l\u2019evento ad altri Paesi, per il momento stiamo con i piedi per terra, noi cercheremo comunque di fare il massimo\u201d.<\/p>\n<p>Gli fa eco Kurt Anrather: \u201cIl nostro obbiettivo \u00e8 quello di proporre una manifestazione davvero per tutti. Vogliamo far divertire la gente comune e non solo proporre cose estreme. Gli appassionati di scialpinismo potranno gustare queste giornate sugli sci anche nel pre e nel post gara, per ritemprarsi dopo lo stress di ogni giorno\u201d.<\/p>\n<p>Il main sponsor della manifestazione \u00e8 fiemmese ed \u00e8 una delle aziende leader del settore, \u201cLa Sportiva\u201d.<\/p>\n<p>Lorenzo Delladio, amministratore delegato de La Sportiva, non ha dubbi: \u201cJ\u00fcrg Capol mi ha proposto la partnership, il mio ok \u00e8 arrivato dopo appena 5 minuti dal nostro incontro. Ritengo Capol una persona competente, di larghe vedute e soprattutto affidabile. Credo molto in questo evento per la promozione del mio marchio aziendale, ritengo che sia la pi\u00f9 grossa gara ideata per la massa, e per di pi\u00f9 viene organizzata nella zona in cui gravita la nostra azienda.\u201d<\/p>\n<p>Il sito <a href=\"http:\/\/www.epicskitour.com\/\">www.epicskitour.com<\/a> \u00e8 gi\u00e0 ricco di informazioni e dettagli, ma verr\u00e0 aggiornato di continuo. Se la stagione dello skialp 2016 si sta avviando alla conclusione, quella del 2017 parte gi\u00e0 con una proposta irrinunciabile!<\/p>\n<p>&nbsp;<\/p>\n<p><strong>Programma La Sportiva Epic Ski Tour 2017<\/strong><\/p>\n<p>&nbsp;<\/p>\n<p><strong>Gioved\u00ec, 12 gennaio<br \/>\n<\/strong>ore 19.00: Welcome Party<br \/>\nore 20.00: EPIC Ski Tour Talk<\/p>\n<p>&nbsp;<\/p>\n<p><strong>Venerd\u00ec, 13 gennaio<br \/>\n<\/strong>ore 17.30: <strong>1. Tappa La Sportiva Epic Ski Tour \u2013 Alpe Cermis<\/strong><br \/>\nore 18.30: Arrivo dei primi partecipanti<br \/>\nore 18.45: Flower Ceremony<br \/>\nore 19.00 \u2013 ore 21.30: Pasta Party (presso VILLAGE)<br \/>\nore 20.00: EPIC Ski Tour Talk<br \/>\nore 20.30: Premiazioni<\/p>\n<p>&nbsp;<\/p>\n<p><strong>Sabato, 14 gennaio<\/strong><br \/>\nore 11.00: <strong>2. Tappa La Sportiva Epic Ski Tour \u2013 San Pellegrino<\/strong><br \/>\nore 12.30: Arrivo dei primi partecipanti<br \/>\nore 12.45: Flower Ceremony<br \/>\nore 14.00: Side Event<br \/>\nore 17.30 \u2013 ore 20.00: Pasta Party (presso VILLAGE)<br \/>\nore 20.00: EPIC Ski Tour Talk<br \/>\nore 20.30: Premiazioni<\/p>\n<p>&nbsp;<\/p>\n<p><strong>Domenica, 15 gennaio<\/strong><br \/>\nore 11.00: <strong>3. Tappa La Sportiva Epic Ski Tour \u2013 Passo Pordoi<\/strong><br \/>\nore 12.30: Arrivo dei primi partecipanti<br \/>\nore 13.15: Premiazioni EPIC Ski Tour forever<br \/>\nore 15.00: Happy Hour<br \/>\nore 16.00 EPIC Ski Tour Talk &amp;\u00a0 Premiazioni<br \/>\nore 17.00: Meet your EPIC Friends &amp; Arrivederci<\/p>\n<p>&nbsp;<\/p>\n<p>&nbsp;<\/p>\n","protected":false},"excerpt":{"rendered":"<p>L\u2019inventore del Tour de Ski lancia una nuova proposta per lo scialpinismo Tre gare in Trentino, in Val di Fiemme e Val di Fassa, dal 12 al 15 gennaio 2017 \u00c8 un evento aperto a tutti, ispirato al Tour de Ski di sci di fondo Coordinamento organizzativo di Kurt Anrather della Curtes Sportevents Marketing &nbsp; [&hellip;]<\/p>\n","protected":false},"author":15,"featured_media":0,"comment_status":"open","ping_status":"open","sticky":false,"template":"","format":"standard","meta":{"footnotes":""},"categories":[29],"tags":[],"class_list":["post-8655","post","type-post","status-publish","format-standard","hentry","category-comunicati"],"_links":{"self":[{"href":"https:\/\/www.area-press.eu\/comunicatistampa\/wp-json\/wp\/v2\/posts\/8655","targetHints":{"allow":["GET"]}}],"collection":[{"href":"https:\/\/www.area-press.eu\/comunicatistampa\/wp-json\/wp\/v2\/posts"}],"about":[{"href":"https:\/\/www.area-press.eu\/comunicatistampa\/wp-json\/wp\/v2\/types\/post"}],"author":[{"embeddable":true,"href":"https:\/\/www.area-press.eu\/comunicatistampa\/wp-json\/wp\/v2\/users\/15"}],"replies":[{"embeddable":true,"href":"https:\/\/www.area-press.eu\/comunicatistampa\/wp-json\/wp\/v2\/comments?post=8655"}],"version-history":[{"count":1,"href":"https:\/\/www.area-press.eu\/comunicatistampa\/wp-json\/wp\/v2\/posts\/8655\/revisions"}],"predecessor-version":[{"id":8656,"href":"https:\/\/www.area-press.eu\/comunicatistampa\/wp-json\/wp\/v2\/posts\/8655\/revisions\/8656"}],"wp:attachment":[{"href":"https:\/\/www.area-press.eu\/comunicatistampa\/wp-json\/wp\/v2\/media?parent=8655"}],"wp:term":[{"taxonomy":"category","embeddable":true,"href":"https:\/\/www.area-press.eu\/comunicatistampa\/wp-json\/wp\/v2\/categories?post=8655"},{"taxonomy":"post_tag","embeddable":true,"href":"https:\/\/www.area-press.eu\/comunicatistampa\/wp-json\/wp\/v2\/tags?post=8655"}],"curies":[{"name":"wp","href":"https:\/\/api.w.org\/{rel}","templated":true}]}}