{"id":86465,"date":"2025-07-23T16:53:55","date_gmt":"2025-07-23T14:53:55","guid":{"rendered":"https:\/\/www.area-press.eu\/comunicatistampa\/?p=86465"},"modified":"2025-07-23T16:53:55","modified_gmt":"2025-07-23T14:53:55","slug":"torna-raia-con-il-singolo-lastronauta-tra-pop-ed-elettronica","status":"publish","type":"post","link":"https:\/\/www.area-press.eu\/comunicatistampa\/2025\/07\/23\/torna-raia-con-il-singolo-lastronauta-tra-pop-ed-elettronica\/","title":{"rendered":"Torna Raia con il singolo &#8220;L&#8217;astronauta&#8221; tra pop ed elettronica"},"content":{"rendered":"<p><span data-olk-copy-source=\"MessageBody\">Il cantautore campano Raia torna con il singolo \u201c<b>L&#8217;astronauta<\/b>\u201d pubblicato da Ourtime . Il brano esplora l\u2019universo interiore dell\u2019artista con un tocco moderno che rimanda a diverse sfumature del pop. Una storia intima, la nostalgia, le occasioni mancate e la rinascita dove il \u00a0tema centrale \u00a0\u00e8 la sincerit\u00e0.\u00a0<\/span><\/p>\n<div>&#8220;<i>Con questo brano ho voluto raccontare la voglia di allontanarmi da tutto e tornare all\u2019innocenza dell\u2019infanzia, quando bastava un sogno per sentirsi liberi. Oggi porto con me errori, nostalgie e battaglie, ma sento che posso ancora ripartire<\/i>\u00a0&#8211;\u00a0<b>racconta Raia.\u00a0<\/b><i>L\u2019arrangiamento mescola sonorit\u00e0 pop a elementi elettronici leggeri, creando un\u2019atmosfera che richiama la leggerezza e la fantasia di quando eravamo bambini: i castelli fatti con i cuscini, il righello e l\u2019evidenziatore usati come strumenti di gioco, e quel senso di meraviglia che ci faceva sentire liberi come astronauti nello spazio&#8221;.<\/i><\/div>\n<div><i>\u00a0<\/i><\/div>\n<div>L\u2019arrangiamento fonde melodie pop a trame elettroniche delicate, creando un\u2019atmosfera sospesa che accompagna l\u2019ascoltatore in un viaggio spaziale ed emotivo. Il risultato \u00e8 un brano indie-pop autentico, che si distingue per leggerezza sonora e profondit\u00e0 narrativa.<\/div>\n<div><\/div>\n<div><\/div>\n<p><b><u>Biografia<\/u><\/b><\/p>\n<p>Pasquale\u00a0<b>Raia,<\/b>\u00a0classe \u201896\u00a0nasce a Scafati in provincia di Salerno. Inizia a studiare pianoforte e canto all\u2019et\u00e0 di 12 anni, seguendo le orme della madre. Nel 2017 fonda, insieme ai suoi amici, la band tributo ai Coldplay denominata \u201cColorplay\u201d e si esibisce negli anni in tutto il Centro e Sud Italia. Contemporaneamente si iscrive al conservatorio Giuseppe Martucci di Salerno dove consegue la laurea magistrale in canto pop (nel 2021) e incomincia a farsi spazio nel panorama musicale Campano ed Italiano partecipando alla trasmissione su Rai1 \u201cMezzogiorno in famiglia\u201d e recitando una scena nella fiction \u201cE\u2019 arrivata la felicita\u0300\u201d in onda su Rai2.\u00a0Dal 2019 si dedica completamente alla musica live, alla scrittura dei suoi brani per inseguire cos\u00ec il suo pi\u00f9 grande sogno: firmare il primo contratto discografico. Nel 2022 Raia \u00e8 stato l\u2019opening-act dei due importanti appuntamenti conclusivi de \u201c<i>La mia voce tour\u00a0<\/i>2022\u201d di Fabrizio Moro: il 18 dicembre al Mediolanum Forum di Assago (Milano) e il 21 dicembre al Palazzo dello Sport di Roma. Nello stesso anno Raia pubblica, con l\u2019etichetta Mind the Gap, i singoli: \u201c<b>Cerchio perfetto&#8221;, &#8220;Cosa\u00a0siamo per davvero<\/b>\u201d. Nel 2023, per la stessa label, escono i brani \u201c<b>Pezzo poetico<\/b>\u201d e \u201c<b>Ora<\/b>\u201d.\u00a0Raia ha partecipato al cortometraggio, uscito a maggio 2024, che la band dei\u00a0<b>Coldplay<\/b>\u00a0ha voluto realizzare dal titolo \u201c<b><i>Tutto passa &#8211; A tribute to Napoli by Coldplay<\/i><\/b>\u201d, diretto da Stillz, regista e fotografo di origini colombiane gi\u00e0 al fianco di Bad Bunny e Rosal\u00eda. Il corto contiene alcuni spezzoni dei due concerti della band al Maradona di Napoli e immagini della citt\u00e0. Nel corto, Raia canta in Piazza del Plebiscito, il brano \u201cThe scientist\u201d. Aprile 2025 Rai pubblica &#8220;<b>Oceani di Parole<\/b>&#8221; che ottiene un buon riscontro da parte della critica<\/p>\n","protected":false},"excerpt":{"rendered":"<p>Il cantautore campano Raia torna con il singolo \u201cL&#8217;astronauta\u201d pubblicato da Ourtime . Il brano esplora l\u2019universo interiore dell\u2019artista con un tocco moderno che rimanda a diverse sfumature del pop. Una storia intima, la nostalgia, le occasioni mancate e la rinascita dove il \u00a0tema centrale \u00a0\u00e8 la sincerit\u00e0.\u00a0 &#8220;Con questo brano ho voluto raccontare la [&hellip;]<\/p>\n","protected":false},"author":6401,"featured_media":0,"comment_status":"open","ping_status":"open","sticky":false,"template":"","format":"standard","meta":{"footnotes":""},"categories":[12],"tags":[4245,31630,34882],"class_list":["post-86465","post","type-post","status-publish","format-standard","hentry","category-musica","tag-musica-italiana","tag-pop-music","tag-raia"],"_links":{"self":[{"href":"https:\/\/www.area-press.eu\/comunicatistampa\/wp-json\/wp\/v2\/posts\/86465","targetHints":{"allow":["GET"]}}],"collection":[{"href":"https:\/\/www.area-press.eu\/comunicatistampa\/wp-json\/wp\/v2\/posts"}],"about":[{"href":"https:\/\/www.area-press.eu\/comunicatistampa\/wp-json\/wp\/v2\/types\/post"}],"author":[{"embeddable":true,"href":"https:\/\/www.area-press.eu\/comunicatistampa\/wp-json\/wp\/v2\/users\/6401"}],"replies":[{"embeddable":true,"href":"https:\/\/www.area-press.eu\/comunicatistampa\/wp-json\/wp\/v2\/comments?post=86465"}],"version-history":[{"count":2,"href":"https:\/\/www.area-press.eu\/comunicatistampa\/wp-json\/wp\/v2\/posts\/86465\/revisions"}],"predecessor-version":[{"id":86467,"href":"https:\/\/www.area-press.eu\/comunicatistampa\/wp-json\/wp\/v2\/posts\/86465\/revisions\/86467"}],"wp:attachment":[{"href":"https:\/\/www.area-press.eu\/comunicatistampa\/wp-json\/wp\/v2\/media?parent=86465"}],"wp:term":[{"taxonomy":"category","embeddable":true,"href":"https:\/\/www.area-press.eu\/comunicatistampa\/wp-json\/wp\/v2\/categories?post=86465"},{"taxonomy":"post_tag","embeddable":true,"href":"https:\/\/www.area-press.eu\/comunicatistampa\/wp-json\/wp\/v2\/tags?post=86465"}],"curies":[{"name":"wp","href":"https:\/\/api.w.org\/{rel}","templated":true}]}}