{"id":8635,"date":"2016-04-07T13:25:54","date_gmt":"2016-04-07T11:25:54","guid":{"rendered":"http:\/\/www.area-press.eu\/comunicatistampa\/?p=8635"},"modified":"2016-04-07T13:25:54","modified_gmt":"2016-04-07T11:25:54","slug":"raffaello-orselli-il-mare-e-lo-spettacolo","status":"publish","type":"post","link":"https:\/\/www.area-press.eu\/comunicatistampa\/2016\/04\/07\/raffaello-orselli-il-mare-e-lo-spettacolo\/","title":{"rendered":"Raffaello Orselli: il mare e lo spettacolo"},"content":{"rendered":"<p><em><strong>Una lunga carriera nel mondo dell&#8217;intrattenimento e dello spettacolo non allontana <a title=\"Raffaello Orselli - Slideshare\" href=\"http:\/\/www.slideshare.net\/raffaelloorselli\">Raffaello Orselli<\/a> dalla propria passione per la vita di mare, della quale fa, in tempi recenti, la propria professione.<\/strong><br \/>\n<\/em><\/p>\n<p><a title=\"Raffaello Orselli - Slideshare\" href=\"http:\/\/www.slideshare.net\/raffaelloorselli\"><img loading=\"lazy\" decoding=\"async\" src=\"http:\/\/cdn.slidesharecdn.com\/profile-photo-raffaelloorselli-96x96.jpg?cb=1450188368\" alt=\"Raffaello Orselli - Skipper Yacht\" width=\"96\" height=\"96\" \/><\/a><\/p>\n<h2>Raffaello Orselli e la carriera nell&#8217;intrattenimento<\/h2>\n<p>Di origini toscane, <strong>Raffaello Orselli<\/strong> vede i natali nel 1967 nella citt\u00e0 portuale di Piombino. I suoi passi professionali vengono compiuti inizialmente nel mondo della moda (\u00e8 modello per Pitti Uomo a Firenze dal 1985 al 1990), sfruttando la propria immagine inoltre per esibizioni in locali di intrattenimento, tra cui le pi\u00f9 rinomate discoteche italiane. Partecipando a importanti concorsi di bellezza &#8211; dove si classifica ai primi posti &#8211; ottiene visibilit\u00e0 per il suo successivo ingresso nel mondo cinematografico, dove nel 1996 partecipa a &#8220;Tre&#8221;, film diretto da Christian de Sica, per poi apparire in &#8220;Tobia Al Caff\u00e8&#8221; nel 2000, per la regia di Gianfranco Mingozzi. Tre anni pi\u00f9 tardi approda al piccolo schermo, dove lo attende la notoriet\u00e0 ad un pubblico pi\u00f9 allargato: la partecipazione alla terza edizione del reality show il &#8220;Grande Fratello&#8221;, dove rimane per oltre un mese, lo conduce infatti alla popolarit\u00e0. <strong>Raffaello Orselli<\/strong> ottiene, infatti, successivamente inviti a trasmissioni televisive, oltre ad essere chiamato quale testimonial per spot sociali, come nel caso della campagna &#8220;Drink or Drive&#8221; sulla sicurezza della guida in condizioni di sobriet\u00e0.<\/p>\n<h2>La recente svolta di Raffaello Orselli: la vita di mare<\/h2>\n<p>Nata durante l&#8217;infanzia, la passione di <strong>Raffaello Orselli<\/strong> nei confronti della vita di mare lo segue anche in et\u00e0 adulta e lo porta a conseguire nel 1998 la patente da comandante da diporto e ad iniziare, in anni pi\u00f9 recenti, una vera e propria carriera in qualit\u00e0 di skipper e comandante di yacht. Solcando i mari pi\u00f9 belli d&#8217;Italia, <strong>Raffaello Orselli<\/strong> lavora in collaborazione, in particolare, con il cantiere con sede a La Spezia e Viareggio, Sanlorenzo, produttore di yacht di lusso. L&#8217;esperienza a livello marittimo \u00e8 tornata utile anche in ambito televisivo quando, nel 2004, viene chiamato alla co-conduzione del programma &#8220;Viaggi e Villaggi&#8221;.<\/p>\n<p><strong><em>Maggiori dettagli sulla vita professionale di <a title=\"Raffaello Orselli - Slideshare\" href=\"http:\/\/www.slideshare.net\/raffaelloorselli\">Raffaello Orselli<\/a> sul suo profilo ufficiale Slideshare.<\/em><\/strong><\/p>\n","protected":false},"excerpt":{"rendered":"<p>Una lunga carriera nel mondo dell&#8217;intrattenimento e dello spettacolo non allontana Raffaello Orselli dalla propria passione per la vita di mare, della quale fa, in tempi recenti, la propria professione. Raffaello Orselli e la carriera nell&#8217;intrattenimento Di origini toscane, Raffaello Orselli vede i natali nel 1967 nella citt\u00e0 portuale di Piombino. I suoi passi professionali [&hellip;]<\/p>\n","protected":false},"author":40,"featured_media":0,"comment_status":"open","ping_status":"open","sticky":false,"template":"","format":"standard","meta":{"footnotes":""},"categories":[18],"tags":[],"class_list":["post-8635","post","type-post","status-publish","format-standard","hentry","category-altri-vari"],"_links":{"self":[{"href":"https:\/\/www.area-press.eu\/comunicatistampa\/wp-json\/wp\/v2\/posts\/8635","targetHints":{"allow":["GET"]}}],"collection":[{"href":"https:\/\/www.area-press.eu\/comunicatistampa\/wp-json\/wp\/v2\/posts"}],"about":[{"href":"https:\/\/www.area-press.eu\/comunicatistampa\/wp-json\/wp\/v2\/types\/post"}],"author":[{"embeddable":true,"href":"https:\/\/www.area-press.eu\/comunicatistampa\/wp-json\/wp\/v2\/users\/40"}],"replies":[{"embeddable":true,"href":"https:\/\/www.area-press.eu\/comunicatistampa\/wp-json\/wp\/v2\/comments?post=8635"}],"version-history":[{"count":1,"href":"https:\/\/www.area-press.eu\/comunicatistampa\/wp-json\/wp\/v2\/posts\/8635\/revisions"}],"predecessor-version":[{"id":8636,"href":"https:\/\/www.area-press.eu\/comunicatistampa\/wp-json\/wp\/v2\/posts\/8635\/revisions\/8636"}],"wp:attachment":[{"href":"https:\/\/www.area-press.eu\/comunicatistampa\/wp-json\/wp\/v2\/media?parent=8635"}],"wp:term":[{"taxonomy":"category","embeddable":true,"href":"https:\/\/www.area-press.eu\/comunicatistampa\/wp-json\/wp\/v2\/categories?post=8635"},{"taxonomy":"post_tag","embeddable":true,"href":"https:\/\/www.area-press.eu\/comunicatistampa\/wp-json\/wp\/v2\/tags?post=8635"}],"curies":[{"name":"wp","href":"https:\/\/api.w.org\/{rel}","templated":true}]}}