{"id":86237,"date":"2025-02-08T19:16:42","date_gmt":"2025-02-08T18:16:42","guid":{"rendered":"https:\/\/www.area-press.eu\/comunicatistampa\/?p=86237"},"modified":"2025-02-08T19:16:42","modified_gmt":"2025-02-08T18:16:42","slug":"le-luci-al-neon-tornano-con-lacrime-viola","status":"publish","type":"post","link":"https:\/\/www.area-press.eu\/comunicatistampa\/2025\/02\/08\/le-luci-al-neon-tornano-con-lacrime-viola\/","title":{"rendered":"Le Luci al Neon tornano con &#8220;Lacrime viola&#8221;"},"content":{"rendered":"<div>Venerd\u00ec 17 gennaio 2025 segna il ritorno delle\u00a0<strong>LUCI AL NEON<\/strong>\u00a0con il loro quarto singolo inedito,\u00a0<em>&#8220;Lacrime viola&#8221;<\/em>. Il trio indie pop, composto da\u00a0<strong>Kris\u00a0<\/strong>(voce e autrice),\u00a0<strong>Alena Mengo<\/strong>\u00a0(basso) e\u00a0<strong>Francesca Avolio<\/strong>\u00a0(batteria), conferma ancora una volta la propria capacit\u00e0 di combinare sonorit\u00e0 sofisticate e testi evocativi in un sound unico che fonde influenze vapor wave anni &#8217;80 e un tocco moderno.<br \/>\nL\u2019uscita del nuovo singolo rappresenta un ulteriore passo verso la consacrazione di una band che si distingue per la sua capacit\u00e0 di unire emozioni autentiche e sonorit\u00e0 accattivanti, pronte a consolidare la loro presenza nella scena musicale italiana.<\/p>\n<p><strong>Per celebrare l\u2019uscita del singolo, le LUCI AL NEON daranno il via a un tour live di 8 date nei club italiani a marzo 2025.<\/strong><\/p>\n<\/div>\n<p><strong>Il brano:\u00a0<\/strong>Prodotto da\u00a0<strong>Leo Pari<\/strong>\u00a0(collaboratore di artisti come Tiromancino, Elodie e Thegiornalisti),\u00a0<em>&#8220;Lacrime viola&#8221;<\/em>\u00a0\u00e8 stato creato negli storici studi del produttore, che hanno visto nascere successi di artisti di spicco della scena musicale italiana. Il team creativo comprende\u00a0<strong>Kris<\/strong>,\u00a0<strong>Leo Pari<\/strong>,\u00a0<strong>Simone Guzzino<\/strong>\u00a0e\u00a0<strong>Flavio Strabbioli<\/strong>, con arrangiamenti curati da Pari con la collaborzione di Guzzino. Il missaggio \u00e8 firmato da\u00a0<strong>Jesse German\u00f2<\/strong>, tecnico del suono per artisti come ARIETE, Franco12, Elodie e Joan Thiele.<br \/>\nIl brano trae ispirazione da una visione di\u00a0<strong>Kris<\/strong>, che immagina una ragazza correre lungo una strada isolata in una notte di pioggia, con lacrime che riflettono le luci viola dei lampioni.\u00a0<em>&#8220;Lacrime viola&#8221;<\/em>\u00a0esplora temi di vulnerabilit\u00e0, rimpianti e speranza, creando una narrazione urbana e onirica che parla direttamente al cuore di chi ascolta.<br \/>\nIl testo di questa canzone esplora il peso dei ricordi e la tensione tra passato e futuro, tra ci\u00f2 che ci lega e ci\u00f2 che ci spinge a cambiare. \u00abI<em>l brano<\/em> <em>\u2013\u00a0<\/em><strong>racconta Kris<\/strong><em><strong>\u00a0<\/strong>&#8211;\u00a0\u00e8 un viaggio emotivo che racconta momenti di vulnerabilit\u00e0 e la forza di andare avanti, anche quando si \u00e8 segnati da \u201ccento lacrime viola<\/em>\u201d.\u00bb<br \/>\nIl sound delle LUCI AL NEON richiama influenze di artisti come Tiromancino, Gazzelle, Coez e Thegiornalisti, combinando sintetizzatori retr\u00f2 e atmosfere contemporanee.<\/p>\n<p>Le\u00a0<strong>LUCI AL NEON<\/strong>\u00a0sono un trio effervescente e dinamico composto da tre musiciste professioniste con un bagaglio di esperienze variegate e di alto livello nel panorama musicale. Il progetto nasce dall\u2019idea della cantautrice\u00a0<strong>Kris (Cristina Milanese)<\/strong>, alla quale si sono unite\u00a0<strong>Alena Mengo<\/strong>\u00a0(basso) e\u00a0<strong>Francesca Avolio<\/strong>\u00a0(batteria), formando una sinergia creativa che ha dato vita a un sound indie pop raffinato e di forte impatto.<\/p>\n<div>La loro musica, fresca e contemporanea, \u00e8 curata nella produzione artistica da\u00a0<strong>Leo Pari<\/strong>, che partecipa anche come coautore insieme a Kris di tutti i brani della band. Il risultato \u00e8 un sound attuale, che fonde sonorit\u00e0 moderne con un tocco sofisticato anni &#8217;80, perfettamente in linea con il miglior pop del momento.<\/div>\n<div>Dal 2022, le\u00a0<strong>LUCI AL NEON<\/strong>\u00a0hanno pubblicato tre singoli, l&#8217;ultimo dei quali,\u00a0<em>&#8220;Nella playlist dei tuoi pensieri&#8221;<\/em>, pubblicato a luglio 2023, vede la partecipazione speciale di Jessica Morlacchi in un duetto. All\u2019attivo hanno partecipazioni ad eventi internazionali come\u00a0<em>&#8220;EICMA 2022&#8221;<\/em>\u00a0(per la Kawasaki Italia) e opening di artisti del calibro di Tiromancino e Marco Masini.<\/div>\n","protected":false},"excerpt":{"rendered":"<p>Venerd\u00ec 17 gennaio 2025 segna il ritorno delle\u00a0LUCI AL NEON\u00a0con il loro quarto singolo inedito,\u00a0&#8220;Lacrime viola&#8221;. Il trio indie pop, composto da\u00a0Kris\u00a0(voce e autrice),\u00a0Alena Mengo\u00a0(basso) e\u00a0Francesca Avolio\u00a0(batteria), conferma ancora una volta la propria capacit\u00e0 di combinare sonorit\u00e0 sofisticate e testi evocativi in un sound unico che fonde influenze vapor wave anni &#8217;80 e un tocco [&hellip;]<\/p>\n","protected":false},"author":6401,"featured_media":0,"comment_status":"open","ping_status":"open","sticky":false,"template":"","format":"standard","meta":{"footnotes":""},"categories":[28681,12],"tags":[35274,35273,4245,690],"class_list":["post-86237","post","type-post","status-publish","format-standard","hentry","category-_r02a","category-musica","tag-girl-power","tag-luci-al-neon","tag-musica-italiana","tag-nuovo-singolo"],"_links":{"self":[{"href":"https:\/\/www.area-press.eu\/comunicatistampa\/wp-json\/wp\/v2\/posts\/86237","targetHints":{"allow":["GET"]}}],"collection":[{"href":"https:\/\/www.area-press.eu\/comunicatistampa\/wp-json\/wp\/v2\/posts"}],"about":[{"href":"https:\/\/www.area-press.eu\/comunicatistampa\/wp-json\/wp\/v2\/types\/post"}],"author":[{"embeddable":true,"href":"https:\/\/www.area-press.eu\/comunicatistampa\/wp-json\/wp\/v2\/users\/6401"}],"replies":[{"embeddable":true,"href":"https:\/\/www.area-press.eu\/comunicatistampa\/wp-json\/wp\/v2\/comments?post=86237"}],"version-history":[{"count":1,"href":"https:\/\/www.area-press.eu\/comunicatistampa\/wp-json\/wp\/v2\/posts\/86237\/revisions"}],"predecessor-version":[{"id":86238,"href":"https:\/\/www.area-press.eu\/comunicatistampa\/wp-json\/wp\/v2\/posts\/86237\/revisions\/86238"}],"wp:attachment":[{"href":"https:\/\/www.area-press.eu\/comunicatistampa\/wp-json\/wp\/v2\/media?parent=86237"}],"wp:term":[{"taxonomy":"category","embeddable":true,"href":"https:\/\/www.area-press.eu\/comunicatistampa\/wp-json\/wp\/v2\/categories?post=86237"},{"taxonomy":"post_tag","embeddable":true,"href":"https:\/\/www.area-press.eu\/comunicatistampa\/wp-json\/wp\/v2\/tags?post=86237"}],"curies":[{"name":"wp","href":"https:\/\/api.w.org\/{rel}","templated":true}]}}