{"id":8619,"date":"2016-04-07T13:25:54","date_gmt":"2016-04-07T11:25:54","guid":{"rendered":"http:\/\/www.area-press.eu\/comunicatistampa\/?p=8619"},"modified":"2016-04-07T13:25:54","modified_gmt":"2016-04-07T11:25:54","slug":"tutti-sognano-sanremo-per-unora-di-lezione-di-canto-gli-italiani-spendono-30-euro","status":"publish","type":"post","link":"https:\/\/www.area-press.eu\/comunicatistampa\/2016\/04\/07\/tutti-sognano-sanremo-per-unora-di-lezione-di-canto-gli-italiani-spendono-30-euro\/","title":{"rendered":"Tutti sognano Sanremo:  per un\u2019ora di lezione di canto gli italiani spendono 30 euro"},"content":{"rendered":"<p><strong>Nella sola Milano gli iscritti sono aumentati dell\u201988% <\/strong><\/p>\n<p><strong>Milano, febbraio 2016<\/strong> \u2013 Tra gli italiani\u00a0c&#8217;\u00e8 chi canta su un palco, come avverr\u00e0 tra qualche giorno a Sanremo e chi ama cantare per strada, chi allo stadio, sotto la doccia o di nascosto. Ma quanto ci costa imparare a cantare? <strong>ProntoPro.it <\/strong>(<a href=\"http:\/\/www.prontopro.it\">http:\/\/www.prontopro.it<\/a> ), il portale che\u00a0 fa incontrare domanda e offerta di lavoro professionale e artigianale, ha condotto un\u2019indagine in cui ha evidenziato che la <strong>media nazionale dei<\/strong> <strong>costi<\/strong> che si trova a sostenere chi decide di prendere lezioni di canto in una scuola accreditata \u00e8 di<strong> 30 euro all\u2019ora<\/strong>. Costi che evidentemente non spaventano dato che, sempre secondo le stime di ProntoPro.it, negli ultimi dieci anni \u00e8 <strong>quasi raddoppiato il numero di chi ha deciso di studiare canto<\/strong>.<\/p>\n<p>Dai dati ottenuti dall\u2019indagine realizzata analizzando i prezzi richiesti nei venti capoluoghi di regione, <strong>Milano<\/strong> \u00e8 la citt\u00e0 in cui i corsi di canto sono pi\u00f9 costosi; nel capoluogo meneghino si spendono mediamente <strong>37 euro all\u2019ora per una lezione.<\/strong><\/p>\n<p><em>\u201cIn linea generale \u2013 <\/em>rivelano gli insegnanti intervistati da <strong>ProntoPro.it<\/strong> <em>\u2013 l\u2019aumento del numero di studenti registrato negli ultimi 10 anni \u00e8 senza dubbio legato al successo dei talent show\u00a0televisivi. Numeri alla mano, oggi i corsi di canto sono i pi\u00f9 richiesti in assoluto dietro, solo, a quelli di chitarra.\u201d. <\/em><\/p>\n<p>Non \u00e8 un caso che proprio a <strong>Milano<\/strong> &#8211; che per i giovani della penisola rappresenta da sempre la capitale della musica \u2013 dal 2005 ad oggi si sia registrato un <strong>picco dell\u201988%<\/strong> nelle iscrizioni da parte di persone desiderose di intraprendere la professione, o semplicemente, imparare ad usare al meglio la propria voce.<\/p>\n<p>Dallo studio condotto emerge che sono tutte citt\u00e0 del Sud quelle in cui si paga meno. A pari merito sul <strong>podio della convenienza<\/strong> si trovano <strong>Bari, Campobasso, Catanzaro e Potenza<\/strong>: qui per una lezione di canto si <strong>spendono in media 25 euro<\/strong>. I capoluoghi di regione meridionali in cui si sostengono costi relativamente pi\u00f9 sostenuti sono due: <strong>Napoli <\/strong>e <strong>Palermo<\/strong>, dove<strong> in media si spendono circa 30 euro per un\u2019ora di lezione.<\/strong><\/p>\n<p>Imparare a cantare, pare che giovi anche alla salute; gli insegnanti intervistati da <strong>ProntoPro.it <\/strong>sottolineano che, tutti coloro che imparano a cantare, notano importanti miglioramenti nella respirazione e nella postura: il corpo si ossigena meglio e si ha l&#8217;impressione di avere pi\u00f9 energia.<\/p>\n<p>Segue tabella con i costi medi delle offerte per le lezioni di canto nelle 20 citt\u00e0 capoluogo di regione:<\/p>\n<table>\n<tbody>\n<tr>\n<td width=\"132\"><strong>Regione<\/strong><\/td>\n<td width=\"85\"><strong>Citt\u00e0<\/strong><\/td>\n<td width=\"96\"><strong>Costo medio \u20ac<\/strong><\/td>\n<\/tr>\n<tr>\n<td width=\"132\">Abruzzo<\/td>\n<td width=\"85\">L&#8217;Aquila<\/td>\n<td width=\"96\">33<\/td>\n<\/tr>\n<tr>\n<td width=\"132\">Basilicata<\/td>\n<td width=\"85\">Potenza<\/td>\n<td width=\"96\">25<\/td>\n<\/tr>\n<tr>\n<td width=\"132\">Calabria<\/td>\n<td width=\"85\">Catanzaro<\/td>\n<td width=\"96\">25<\/td>\n<\/tr>\n<tr>\n<td width=\"132\">Campania<\/td>\n<td width=\"85\">Napoli<\/td>\n<td width=\"96\">30<\/td>\n<\/tr>\n<tr>\n<td width=\"132\">Emilia Romagna<\/td>\n<td width=\"85\">Bologna<\/td>\n<td width=\"96\">35<\/td>\n<\/tr>\n<tr>\n<td width=\"132\">Friuli Venezia Giulia<\/td>\n<td width=\"85\">Trieste<\/td>\n<td width=\"96\">35<\/td>\n<\/tr>\n<tr>\n<td width=\"132\">Lazio<\/td>\n<td width=\"85\">Roma<\/td>\n<td width=\"96\">35<\/td>\n<\/tr>\n<tr>\n<td width=\"132\">Liguria<\/td>\n<td width=\"85\">Genova<\/td>\n<td width=\"96\">35<\/td>\n<\/tr>\n<tr>\n<td width=\"132\">Lombardia<\/td>\n<td width=\"85\">Milano<\/td>\n<td width=\"96\">37<\/td>\n<\/tr>\n<tr>\n<td width=\"132\">Marche<\/td>\n<td width=\"85\">Ancona<\/td>\n<td width=\"96\">26<\/td>\n<\/tr>\n<tr>\n<td width=\"132\">Molise<\/td>\n<td width=\"85\">Campobasso<\/td>\n<td width=\"96\">25<\/td>\n<\/tr>\n<tr>\n<td width=\"132\">Piemonte<\/td>\n<td width=\"85\">Torino<\/td>\n<td width=\"96\">35<\/td>\n<\/tr>\n<tr>\n<td width=\"132\">Puglia<\/td>\n<td width=\"85\">Bari<\/td>\n<td width=\"96\">25<\/td>\n<\/tr>\n<tr>\n<td width=\"132\">Sardegna<\/td>\n<td width=\"85\">Cagliari<\/td>\n<td width=\"96\">28<\/td>\n<\/tr>\n<tr>\n<td width=\"132\">Sicilia<\/td>\n<td width=\"85\">Palermo<\/td>\n<td width=\"96\">30<\/td>\n<\/tr>\n<tr>\n<td width=\"132\">Toscana<\/td>\n<td width=\"85\">Firenze<\/td>\n<td width=\"96\">32<\/td>\n<\/tr>\n<tr>\n<td width=\"132\">Trentino Alto-Adige<\/td>\n<td width=\"85\">Trento<\/td>\n<td width=\"96\">34<\/td>\n<\/tr>\n<tr>\n<td width=\"132\">Umbria<\/td>\n<td width=\"85\">Perugia<\/td>\n<td width=\"96\">28<\/td>\n<\/tr>\n<tr>\n<td width=\"132\">Valle d&#8217;Aosta<\/td>\n<td width=\"85\">Aosta<\/td>\n<td width=\"96\">33<\/td>\n<\/tr>\n<tr>\n<td width=\"132\">Veneto<\/td>\n<td width=\"85\">Venezia<\/td>\n<td width=\"96\">35<\/td>\n<\/tr>\n<\/tbody>\n<\/table>\n","protected":false},"excerpt":{"rendered":"<p>Nella sola Milano gli iscritti sono aumentati dell\u201988% Milano, febbraio 2016 \u2013 Tra gli italiani\u00a0c&#8217;\u00e8 chi canta su un palco, come avverr\u00e0 tra qualche giorno a Sanremo e chi ama cantare per strada, chi allo stadio, sotto la doccia o di nascosto. Ma quanto ci costa imparare a cantare? ProntoPro.it (http:\/\/www.prontopro.it ), il portale che\u00a0 [&hellip;]<\/p>\n","protected":false},"author":2761,"featured_media":0,"comment_status":"open","ping_status":"open","sticky":false,"template":"","format":"standard","meta":{"footnotes":""},"categories":[29],"tags":[1719,4782,4881],"class_list":["post-8619","post","type-post","status-publish","format-standard","hentry","category-comunicati","tag-canto","tag-lezioni","tag-sanremo"],"_links":{"self":[{"href":"https:\/\/www.area-press.eu\/comunicatistampa\/wp-json\/wp\/v2\/posts\/8619","targetHints":{"allow":["GET"]}}],"collection":[{"href":"https:\/\/www.area-press.eu\/comunicatistampa\/wp-json\/wp\/v2\/posts"}],"about":[{"href":"https:\/\/www.area-press.eu\/comunicatistampa\/wp-json\/wp\/v2\/types\/post"}],"author":[{"embeddable":true,"href":"https:\/\/www.area-press.eu\/comunicatistampa\/wp-json\/wp\/v2\/users\/2761"}],"replies":[{"embeddable":true,"href":"https:\/\/www.area-press.eu\/comunicatistampa\/wp-json\/wp\/v2\/comments?post=8619"}],"version-history":[{"count":1,"href":"https:\/\/www.area-press.eu\/comunicatistampa\/wp-json\/wp\/v2\/posts\/8619\/revisions"}],"predecessor-version":[{"id":8620,"href":"https:\/\/www.area-press.eu\/comunicatistampa\/wp-json\/wp\/v2\/posts\/8619\/revisions\/8620"}],"wp:attachment":[{"href":"https:\/\/www.area-press.eu\/comunicatistampa\/wp-json\/wp\/v2\/media?parent=8619"}],"wp:term":[{"taxonomy":"category","embeddable":true,"href":"https:\/\/www.area-press.eu\/comunicatistampa\/wp-json\/wp\/v2\/categories?post=8619"},{"taxonomy":"post_tag","embeddable":true,"href":"https:\/\/www.area-press.eu\/comunicatistampa\/wp-json\/wp\/v2\/tags?post=8619"}],"curies":[{"name":"wp","href":"https:\/\/api.w.org\/{rel}","templated":true}]}}