{"id":86174,"date":"2025-02-08T18:06:41","date_gmt":"2025-02-08T17:06:41","guid":{"rendered":"https:\/\/www.area-press.eu\/comunicatistampa\/?p=86174"},"modified":"2025-02-08T18:06:41","modified_gmt":"2025-02-08T17:06:41","slug":"grande-entusiasmo-per-lo-spettacolo-perle-rare-di-fabio-brescia-al-teatro-in-arte-vesuvio","status":"publish","type":"post","link":"https:\/\/www.area-press.eu\/comunicatistampa\/2025\/02\/08\/grande-entusiasmo-per-lo-spettacolo-perle-rare-di-fabio-brescia-al-teatro-in-arte-vesuvio\/","title":{"rendered":"Grande entusiasmo per lo spettacolo &#8220;Perle Rare&#8221; di Fabio Brescia al Teatro\u201d In Arte Vesuvio\u201d"},"content":{"rendered":"<p>Il Teatro <strong>In Arte Vesuvio<\/strong>, sito alla <strong>via Marino Turchi, 23<\/strong> \u00e8 orgoglioso di presentare lo spettacolo <strong>&#8220;Perle Rare<\/strong>&#8221; di <strong>Fabio Brescia<\/strong>, che si terr\u00e0 <strong>sabato 18 gennaio alle ore 20:30<\/strong>.<\/p>\n<p>Un evento imperdibile per tutti gli amanti del teatro e della buona musica, che promette di coinvolgere il pubblico in un viaggio emozionante e ricco di sorprese.<\/p>\n<p>&#8220;Perle Rare&#8221; \u00e8 uno spettacolo ideato e presentato da Fabio Brescia, noto per il suo approccio unico e coinvolgente nel mondo dell&#8217;intrattenimento.<\/p>\n<p>Un&#8217;opera che celebra la bellezza e la profondit\u00e0 delle emozioni umane, attraverso un mix di monologhi, canzoni e momenti di pura poesia.<\/p>\n<p>Fabio Brescia, noto per la sua abilit\u00e0 nel raccontare storie di vita quotidiana con un tocco di ironia e sensibilit\u00e0, porter\u00e0 sul palco una carrellata di personaggi e monologhi che si esibiranno in una interpretazione coinvolgente e memorabile.<\/p>\n<p>Il Teatro In Arte Vesuvio, situato nel cuore di Napoli, rappresenta un importante punto di riferimento per la cultura e l\u2019arte nella citt\u00e0. Con la sua atmosfera intima e accogliente, offre al pubblico un&#8217;esperienza unica, in cui ogni spettacolo diventa un incontro ravvicinato con gli artisti.<\/p>\n<p>Invitiamo tutti gli appassionati di teatro e di musica a partecipare a questo straordinario evento. I biglietti sono gi\u00e0 disponibili presso la biglietteria del teatro e online al seguente link <a href=\"https:\/\/py.pl\/K661S\">https:\/\/py.pl\/K661S<\/a>.<\/p>\n<p>Non perdere l&#8217;occasione di vivere una serata indimenticabile con &#8220;Perle Rare&#8221; di Fabio Brescia. Ti aspettiamo sabato 18 gennaio alle ore 20:30 al Teatro In Arte Vesuvio!<\/p>\n<p>&nbsp;<\/p>\n<p>Per ulteriori informazioni:<\/p>\n<p>Teatro In Arte Vesuvio<\/p>\n<p>Via Marino Turchi, 23<\/p>\n<p>Cell. 3487323241<\/p>\n","protected":false},"excerpt":{"rendered":"<p>Il Teatro In Arte Vesuvio, sito alla via Marino Turchi, 23 \u00e8 orgoglioso di presentare lo spettacolo &#8220;Perle Rare&#8221; di Fabio Brescia, che si terr\u00e0 sabato 18 gennaio alle ore 20:30. Un evento imperdibile per tutti gli amanti del teatro e della buona musica, che promette di coinvolgere il pubblico in un viaggio emozionante e [&hellip;]<\/p>\n","protected":false},"author":7126,"featured_media":0,"comment_status":"open","ping_status":"open","sticky":false,"template":"","format":"standard","meta":{"footnotes":""},"categories":[8],"tags":[],"class_list":["post-86174","post","type-post","status-publish","format-standard","hentry","category-eventi"],"_links":{"self":[{"href":"https:\/\/www.area-press.eu\/comunicatistampa\/wp-json\/wp\/v2\/posts\/86174","targetHints":{"allow":["GET"]}}],"collection":[{"href":"https:\/\/www.area-press.eu\/comunicatistampa\/wp-json\/wp\/v2\/posts"}],"about":[{"href":"https:\/\/www.area-press.eu\/comunicatistampa\/wp-json\/wp\/v2\/types\/post"}],"author":[{"embeddable":true,"href":"https:\/\/www.area-press.eu\/comunicatistampa\/wp-json\/wp\/v2\/users\/7126"}],"replies":[{"embeddable":true,"href":"https:\/\/www.area-press.eu\/comunicatistampa\/wp-json\/wp\/v2\/comments?post=86174"}],"version-history":[{"count":1,"href":"https:\/\/www.area-press.eu\/comunicatistampa\/wp-json\/wp\/v2\/posts\/86174\/revisions"}],"predecessor-version":[{"id":86175,"href":"https:\/\/www.area-press.eu\/comunicatistampa\/wp-json\/wp\/v2\/posts\/86174\/revisions\/86175"}],"wp:attachment":[{"href":"https:\/\/www.area-press.eu\/comunicatistampa\/wp-json\/wp\/v2\/media?parent=86174"}],"wp:term":[{"taxonomy":"category","embeddable":true,"href":"https:\/\/www.area-press.eu\/comunicatistampa\/wp-json\/wp\/v2\/categories?post=86174"},{"taxonomy":"post_tag","embeddable":true,"href":"https:\/\/www.area-press.eu\/comunicatistampa\/wp-json\/wp\/v2\/tags?post=86174"}],"curies":[{"name":"wp","href":"https:\/\/api.w.org\/{rel}","templated":true}]}}