{"id":8600,"date":"2016-04-06T21:35:15","date_gmt":"2016-04-06T19:35:15","guid":{"rendered":"http:\/\/www.area-press.eu\/comunicatistampa\/?p=8600"},"modified":"2016-04-06T21:35:15","modified_gmt":"2016-04-06T19:35:15","slug":"fiato-alle-trombe-per-la-granfondo-liotto-domenica-diciottesima-edizione-a-vicenza","status":"publish","type":"post","link":"https:\/\/www.area-press.eu\/comunicatistampa\/2016\/04\/06\/fiato-alle-trombe-per-la-granfondo-liotto-domenica-diciottesima-edizione-a-vicenza\/","title":{"rendered":"FIATO ALLE TROMBE PER LA GRANFONDO LIOTTO, DOMENICA DICIOTTESIMA EDIZIONE A VICENZA"},"content":{"rendered":"<p>Granfondo Liotto a Vicenza il 10 aprile<\/p>\n<p>Percorsi di 95 km e 1400 metri di dislivello e 130 km e 2300 metri di dislivello<\/p>\n<p>Quota finale di partecipazione costituita da 45 euro comprensivi di pacco gara<\/p>\n<p>Alessandro Bertuola tenter\u00e0 di riconfermarsi dopo il successo ottenuto lo scorso anno<\/p>\n<p>&nbsp;<\/p>\n<p>&nbsp;<\/p>\n<p>Alea iacta est, il dado \u00e8 tratto. La Granfondo Liotto \u00e8 pronta a dar fiato alle trombe per la propria diciottesima edizione, attesa domenica 10 aprile a Vicenza.<\/p>\n<p>I tracciati della Granfondo Liotto sono stati creati ad arte, un po\u2019 come l\u2019artista che, attraverso le proprie opere, rappresenta l\u2019essenza della citt\u00e0 di Vicenza, Andrea Palladio. I percorsi saranno ancora una volta sviluppati all\u2019insegna di professionalit\u00e0 e competenza. Il sito della sfida ciclistica per eccellenza <a href=\"http:\/\/www.granfondoliotto.it\/\">www.granfondoliotto.it<\/a> ne \u00e8 l\u2019emblema, con apposite sezioni dedicate ai \u2018punti d\u2019attenzione\u2019 di mediofondo e granfondo, a conferma che nulla viene lasciato al caso.<\/p>\n<p>I primi colpi di pedale si daranno in Viale Roma, luogo di partenza ed arrivo della \u2018cavalcata delle meraviglie vicentine\u2019, partendo alla scoperta dei due itinerari di questa diciottesima edizione, un percorso \u2018mediofondo\u2019 di 95 km e 1400 metri di dislivello, e un \u2018granfondo\u2019 di 130 km e 2300 metri di dislivello.<\/p>\n<p>Dalla zona limitrofa a Campo Marzo i cicloamatori usciranno dal centro storico vicentino passando per il Teatro Olimpico, ultima mirabile opera di Andrea Palladio, prima di scorgere un altro capolavoro dell\u2019artista rinascimentale, Villa \u201cLa Rotonda\u201d. Lasciando la Riviera Berica dopo pochi chilometri ci si addentrer\u00e0 in una strada secondaria che porta al lago di Fimon, un\u2019oasi naturalistica nel cuore dei Colli Berici.<\/p>\n<p>Lo spazio per godersi lo scenario sar\u00e0 intenso ma breve, poich\u00e9 d\u2019innanzi ci si trover\u00e0 la prima asperit\u00e0 di giornata: la Fimon \u2013 San Gottardo con pendenze massime del 14%.<\/p>\n<p>Un lungo tratto di \u201cmangia e bevi\u201d (saliscendi in gergo ciclistico) porter\u00e0 alla discesa di Zovencedo, con tratti tecnici seguiti da una serie di tornanti e rettilinei regolari. All\u2019abitato di Villa del Ferro inizier\u00e0 una delle rampe pi\u00f9 impegnative di giornata: la salita del Botteghino. Primo giro di boa in localit\u00e0 Stamberga, pedalando lungo i 17 km pianeggianti di Orgiano (km 43 &#8211; primo ristoro completo). A quel punto i partecipanti di entrambi i percorsi affronteranno una delle salite pi\u00f9 arcigne della Granfondo Liotto: la San Germano dei Berici \u2013 strada Lupia che traghetter\u00e0 i concorrenti dalla Val Liona all\u2019altopiano di Pozzolo (4 km con una pendenza media del 9% nella prima met\u00e0 ed una massima del 20%).<\/p>\n<p>Proprio a Pozzolo verr\u00e0 collocato il bivio tra i due tracciati, ove i concorrenti della \u2018granfondo\u2019 svolteranno a destra. Seguiranno, per questi ultimi, i tratti coinvolti dal passaggio del Giro d\u2019Italia 2013 ed i vigneti della strada dei Vini DOC dei Colli Berici. Al km 80 inizier\u00e0 la salita pi\u00f9 lunga, conosciuta dagli appassionati come Salita degli Ulivi. Un tratto vallonato e discese tecniche ricondurranno a Pozzolo, ove il percorso \u2018granfondo\u2019 si ricollegher\u00e0 con il \u2018mediofondo\u2019. L\u2019ultima fatica di giornata sar\u00e0 la salita che da San Valentino fa giungere a Perarolo, con un falsopiano finale all\u2019altezza della pineta, prima di affrontare il ciottolato in prossimit\u00e0 della chiesa vescovile e gustarsi la vista sul borgo antico ai piedi della Rocca risalente al X secolo. La picchiata verso Arcugnano sar\u00e0 preludio dell\u2019arrivo in Viale Roma a Vicenza, a conclusione della maestosa ed avvincente \u2018galoppata\u2019 sui Monti Berici.<\/p>\n<p>La quota \u2018finale\u2019 per partecipare alla competizione ciclistica \u00e8 di 45 euro, assieme a tanti fuoriclasse del palcoscenico granfondistico italiano, artisti del pedale come il trevigiano Alessandro Bertuola, vittorioso la scorsa annata anche grazie ad una fiammante bici Liotto.<\/p>\n<p>Info: <a href=\"http:\/\/www.granfondoliotto.it\/\">www.granfondoliotto.it<\/a><\/p>\n","protected":false},"excerpt":{"rendered":"<p>Granfondo Liotto a Vicenza il 10 aprile Percorsi di 95 km e 1400 metri di dislivello e 130 km e 2300 metri di dislivello Quota finale di partecipazione costituita da 45 euro comprensivi di pacco gara Alessandro Bertuola tenter\u00e0 di riconfermarsi dopo il successo ottenuto lo scorso anno &nbsp; &nbsp; Alea iacta est, il dado [&hellip;]<\/p>\n","protected":false},"author":15,"featured_media":0,"comment_status":"open","ping_status":"open","sticky":false,"template":"","format":"standard","meta":{"footnotes":""},"categories":[15],"tags":[],"class_list":["post-8600","post","type-post","status-publish","format-standard","hentry","category-sport"],"_links":{"self":[{"href":"https:\/\/www.area-press.eu\/comunicatistampa\/wp-json\/wp\/v2\/posts\/8600","targetHints":{"allow":["GET"]}}],"collection":[{"href":"https:\/\/www.area-press.eu\/comunicatistampa\/wp-json\/wp\/v2\/posts"}],"about":[{"href":"https:\/\/www.area-press.eu\/comunicatistampa\/wp-json\/wp\/v2\/types\/post"}],"author":[{"embeddable":true,"href":"https:\/\/www.area-press.eu\/comunicatistampa\/wp-json\/wp\/v2\/users\/15"}],"replies":[{"embeddable":true,"href":"https:\/\/www.area-press.eu\/comunicatistampa\/wp-json\/wp\/v2\/comments?post=8600"}],"version-history":[{"count":1,"href":"https:\/\/www.area-press.eu\/comunicatistampa\/wp-json\/wp\/v2\/posts\/8600\/revisions"}],"predecessor-version":[{"id":8601,"href":"https:\/\/www.area-press.eu\/comunicatistampa\/wp-json\/wp\/v2\/posts\/8600\/revisions\/8601"}],"wp:attachment":[{"href":"https:\/\/www.area-press.eu\/comunicatistampa\/wp-json\/wp\/v2\/media?parent=8600"}],"wp:term":[{"taxonomy":"category","embeddable":true,"href":"https:\/\/www.area-press.eu\/comunicatistampa\/wp-json\/wp\/v2\/categories?post=8600"},{"taxonomy":"post_tag","embeddable":true,"href":"https:\/\/www.area-press.eu\/comunicatistampa\/wp-json\/wp\/v2\/tags?post=8600"}],"curies":[{"name":"wp","href":"https:\/\/api.w.org\/{rel}","templated":true}]}}