{"id":8593,"date":"2016-04-06T21:35:15","date_gmt":"2016-04-06T19:35:15","guid":{"rendered":"http:\/\/www.area-press.eu\/comunicatistampa\/?p=8593"},"modified":"2016-04-06T21:35:15","modified_gmt":"2016-04-06T19:35:15","slug":"villa-cappellina-hotel-di-stile-sul-lago-di-garda","status":"publish","type":"post","link":"https:\/\/www.area-press.eu\/comunicatistampa\/2016\/04\/06\/villa-cappellina-hotel-di-stile-sul-lago-di-garda\/","title":{"rendered":"Villa Cappellina. Hotel di stile sul lago di Garda"},"content":{"rendered":"<p>State cercando un <strong>hotel sul lago di Garda<\/strong>? <a href=\"http:\/\/www.villacappellina.it\/\" target=\"_blank\">Villa Cappellina<\/a> <strong>a Toscolano Maderno<\/strong> \u00e8 la soluzione per le vacanze che avete sempre sognato. Villa Cappellina \u00e8, infatti, una struttura composta da sette camere dotate di ogni comfort, con vista sul bellissimo panorama del lago. La villa \u00e8 inserita in un ampio parco con ulivi, limoni e cipressi in un contesto paesaggistico di rara bellezza.<\/p>\n<p>Dall\u2019hotel \u00e8 possibile raggiungere con comodit\u00e0 diversi punti di interesse del lago di Garda: il Vittoriale degli Italiani, Sal\u00f2, le limonaie di Gargnano, il museo della carta di Toscolano Maderno, Limone. Vicino all\u2019hotel partono, inoltre, parecchi sentieri ideali per gli amanti del trekking.<br \/>\nProprio per la sua bellissima posizione e l\u2019intimit\u00e0, <strong>Villa Cappellina<\/strong> viene utilizzata come location per matrimoni. Ideale per chi cerca un ambiente elegante e suggestivo.<\/p>\n","protected":false},"excerpt":{"rendered":"<p>State cercando un hotel sul lago di Garda? Villa Cappellina a Toscolano Maderno \u00e8 la soluzione per le vacanze che avete sempre sognato. Villa Cappellina \u00e8, infatti, una struttura composta da sette camere dotate di ogni comfort, con vista sul bellissimo panorama del lago. La villa \u00e8 inserita in un ampio parco con ulivi, limoni [&hellip;]<\/p>\n","protected":false},"author":2723,"featured_media":0,"comment_status":"open","ping_status":"open","sticky":false,"template":"","format":"standard","meta":{"footnotes":""},"categories":[17],"tags":[1109,6368],"class_list":["post-8593","post","type-post","status-publish","format-standard","hentry","category-turismo","tag-hotel-lago-di-garda","tag-villa-cappellina-a-toscolano-maderno"],"_links":{"self":[{"href":"https:\/\/www.area-press.eu\/comunicatistampa\/wp-json\/wp\/v2\/posts\/8593","targetHints":{"allow":["GET"]}}],"collection":[{"href":"https:\/\/www.area-press.eu\/comunicatistampa\/wp-json\/wp\/v2\/posts"}],"about":[{"href":"https:\/\/www.area-press.eu\/comunicatistampa\/wp-json\/wp\/v2\/types\/post"}],"author":[{"embeddable":true,"href":"https:\/\/www.area-press.eu\/comunicatistampa\/wp-json\/wp\/v2\/users\/2723"}],"replies":[{"embeddable":true,"href":"https:\/\/www.area-press.eu\/comunicatistampa\/wp-json\/wp\/v2\/comments?post=8593"}],"version-history":[{"count":1,"href":"https:\/\/www.area-press.eu\/comunicatistampa\/wp-json\/wp\/v2\/posts\/8593\/revisions"}],"predecessor-version":[{"id":8594,"href":"https:\/\/www.area-press.eu\/comunicatistampa\/wp-json\/wp\/v2\/posts\/8593\/revisions\/8594"}],"wp:attachment":[{"href":"https:\/\/www.area-press.eu\/comunicatistampa\/wp-json\/wp\/v2\/media?parent=8593"}],"wp:term":[{"taxonomy":"category","embeddable":true,"href":"https:\/\/www.area-press.eu\/comunicatistampa\/wp-json\/wp\/v2\/categories?post=8593"},{"taxonomy":"post_tag","embeddable":true,"href":"https:\/\/www.area-press.eu\/comunicatistampa\/wp-json\/wp\/v2\/tags?post=8593"}],"curies":[{"name":"wp","href":"https:\/\/api.w.org\/{rel}","templated":true}]}}