{"id":8588,"date":"2016-04-06T21:35:15","date_gmt":"2016-04-06T19:35:15","guid":{"rendered":"http:\/\/www.area-press.eu\/comunicatistampa\/?p=8588"},"modified":"2016-04-06T21:35:15","modified_gmt":"2016-04-06T19:35:15","slug":"referendum-trivelle-il-nuovo-cdu-vota-si","status":"publish","type":"post","link":"https:\/\/www.area-press.eu\/comunicatistampa\/2016\/04\/06\/referendum-trivelle-il-nuovo-cdu-vota-si\/","title":{"rendered":"REFERENDUM TRIVELLE: IL NUOVO CDU VOTA \u00abS\u00cc\u00bb"},"content":{"rendered":"<p><strong>L&#8217;On. Marinacci: \u00abI nostri valori, che sposano l&#8217;enciclica papale, non sono negoziabili\u00bb<\/strong><\/p>\n<p><strong>Milano, 6 aprile 2016 &#8211;<\/strong> In merito al referendum che avr\u00e0 luogo domenica prossima sulla durata delle concessioni di sfruttamento dei giacimenti di gas e di petrolio al largo delle coste italiane, il Nuovo CDU invita gli elettori e le elettrici a recarsi alle urne per esprimere il proprio parere e suggerisce loro di votare \u201cs\u00ec\u201d.\u00a0 Questo consiglio &#8211; si tiene a precisare &#8211; non \u00e8 solamente una scelta locale, ma \u00e8 frutto di una valutazione condivisa dall&#8217;intero partito.<\/p>\n<p>\u00ab<strong>Per noi cattolici cristiani impegnati in una politica attiva, dalla base fino ai vertici &#8211; afferma l\u2019Onorevole Nicandro Marinacci, vice segretario nazionale del Nuovo CDU -, i valori, che sposano peraltro l&#8217;enciclica ambientale \u201cLaudato s\u00ec\u201d dettata da Papa Francesco, non sono negoziabili.<\/strong> In questa ultima battaglia referendaria &#8211; continua &#8211; sar\u00e0 quindi nostro obiettivo lottare fino allo stremo delle forze affinch\u00e9 le persone vadano a votare il 17 aprile, barrando il &#8220;s\u00ec&#8221;, onde evitare di dover pagare in futuro un prezzo altissimo in termini ambientali\u00bb.<!--more--><\/p>\n<p>\u00ab<strong>Il referendum dovr\u00e0 dare un unico esito: quello del \u201cs\u00ec\u201d &#8211; ribadisce Lorenzo Annoni del Nuovo CDU di Milano -.<\/strong> Perch\u00e9 trivellare i nostri mari \u00e8 pericoloso per tutto il Mediterraneo, perch\u00e9 \u00e8 un pessimo biglietto da visita per il turismo, perch\u00e9 i giacimenti in questione non sono cos\u00ec remunerativi, perch\u00e9 le royalties incassate dalle nostre amministrazioni pubbliche sono tra le pi\u00f9 basse d\u2019Europa e perch\u00e9 gli investimenti sulle energie rinnovabili garantiscono una maggiore occupazione, a fronte di pari impegni economici nel petrolifero\u00bb.<\/p>\n<p>CDU Milano Citt\u00e0<br \/>\nE-mail:\u00a0<a href=\"mailto:cdumilano@yahoo.it\">cdumilano@yahoo.it<\/a><\/p>\n","protected":false},"excerpt":{"rendered":"<p>L&#8217;On. Marinacci: \u00abI nostri valori, che sposano l&#8217;enciclica papale, non sono negoziabili\u00bb Milano, 6 aprile 2016 &#8211; In merito al referendum che avr\u00e0 luogo domenica prossima sulla durata delle concessioni di sfruttamento dei giacimenti di gas e di petrolio al largo delle coste italiane, il Nuovo CDU invita gli elettori e le elettrici a recarsi [&hellip;]<\/p>\n","protected":false},"author":2657,"featured_media":0,"comment_status":"open","ping_status":"open","sticky":false,"template":"","format":"standard","meta":{"footnotes":""},"categories":[29,13],"tags":[6360,6356,6359,6090,6355,688,6358,5032,6357,3222,6351,6352,6354,6353],"class_list":["post-8588","post","type-post","status-publish","format-standard","hentry","category-comunicati","category-politica","tag-ambientale","tag-cdu","tag-enciclica","tag-lorenzo-annoni","tag-mar-mediterraneo","tag-milano","tag-nicandro-marinacci","tag-nuovo","tag-onorevole","tag-papa-francesco","tag-referendum","tag-si","tag-trivellazioni","tag-trivelle"],"_links":{"self":[{"href":"https:\/\/www.area-press.eu\/comunicatistampa\/wp-json\/wp\/v2\/posts\/8588","targetHints":{"allow":["GET"]}}],"collection":[{"href":"https:\/\/www.area-press.eu\/comunicatistampa\/wp-json\/wp\/v2\/posts"}],"about":[{"href":"https:\/\/www.area-press.eu\/comunicatistampa\/wp-json\/wp\/v2\/types\/post"}],"author":[{"embeddable":true,"href":"https:\/\/www.area-press.eu\/comunicatistampa\/wp-json\/wp\/v2\/users\/2657"}],"replies":[{"embeddable":true,"href":"https:\/\/www.area-press.eu\/comunicatistampa\/wp-json\/wp\/v2\/comments?post=8588"}],"version-history":[{"count":1,"href":"https:\/\/www.area-press.eu\/comunicatistampa\/wp-json\/wp\/v2\/posts\/8588\/revisions"}],"predecessor-version":[{"id":8590,"href":"https:\/\/www.area-press.eu\/comunicatistampa\/wp-json\/wp\/v2\/posts\/8588\/revisions\/8590"}],"wp:attachment":[{"href":"https:\/\/www.area-press.eu\/comunicatistampa\/wp-json\/wp\/v2\/media?parent=8588"}],"wp:term":[{"taxonomy":"category","embeddable":true,"href":"https:\/\/www.area-press.eu\/comunicatistampa\/wp-json\/wp\/v2\/categories?post=8588"},{"taxonomy":"post_tag","embeddable":true,"href":"https:\/\/www.area-press.eu\/comunicatistampa\/wp-json\/wp\/v2\/tags?post=8588"}],"curies":[{"name":"wp","href":"https:\/\/api.w.org\/{rel}","templated":true}]}}