{"id":85878,"date":"2025-01-09T22:53:42","date_gmt":"2025-01-09T21:53:42","guid":{"rendered":"https:\/\/www.area-press.eu\/comunicatistampa\/?p=85878"},"modified":"2025-01-09T22:53:42","modified_gmt":"2025-01-09T21:53:42","slug":"disagi-psicologici-ne-soffrono-27-mln-di-ragazzi-fra-i-10-e-i-20-anni","status":"publish","type":"post","link":"https:\/\/www.area-press.eu\/comunicatistampa\/2025\/01\/09\/disagi-psicologici-ne-soffrono-27-mln-di-ragazzi-fra-i-10-e-i-20-anni\/","title":{"rendered":"Disagi psicologici: ne soffrono 2,7 MLN di ragazzi fra i 10 e i 20 anni"},"content":{"rendered":"<p><strong>Isolamento<\/strong>, difficolt\u00e0 nel <strong>relazionarsi<\/strong>, <strong>apatia<\/strong> e <strong>attacchi di panico<\/strong>; questi sono solo alcuni dei disagi che, secondo l\u2019indagine commissionata da <strong><a href=\"https:\/\/www.facile.it\/\">Facile.it<\/a><\/strong> a <em>mUp Research<\/em> e <em>Bilendi<\/em>, colpiscono oltre <strong>2,7 milioni di giovani<\/strong> con et\u00e0 compresa tra i <strong>10 e i 20 anni<\/strong>. Eppure, quasi una famiglia su due sceglie di <strong>non ricorrere<\/strong> a cure specialistiche adeguate, <strong>spesso anche per ragioni di natura economica<\/strong>.<\/p>\n<p>L\u2019indagine \u2013 realizzata su un campione rappresentativo della popolazione nazionale* \u2013 ha evidenziato come i disagi giovanili siano un fenomeno che colpisce ormai una fetta ampissima della popolazione: <strong>dalla pandemia ad oggi<\/strong> ben <strong>4 ragazzi su 10 <\/strong>con et\u00e0 compresa tra i 10 e i 20 anni hanno manifestato<strong> una o pi\u00f9 problematiche di natura psicologica<\/strong>. Una vera e propria impennata di casi.<\/p>\n<p>Analizzando pi\u00f9 da vicino le fasce anagrafiche, emerge che sebbene i disagi si comincino a manifestare in maniera evidente sin dai 10 anni di et\u00e0, i pi\u00f9 colpiti da questi problemi sono i ragazzi con et\u00e0 compresa <strong>tra i 15 e i 17 anni<\/strong> (46,3%) e quelli nella fascia <strong>13-14 anni<\/strong> (44,6%).<\/p>\n<p><strong>I disagi pi\u00f9 diffusi<\/strong><\/p>\n<p><strong>Isolamento nella propria stanza<\/strong> (20,3%, pari a pi\u00f9 di 1,2 milioni di ragazzi), difficolt\u00e0 nelle <strong>relazioni con i coetanei<\/strong> (17,1%) e diverse forme di <strong>apatia <\/strong>(11,7%), come detto, sono risultati essere i problemi psicologici pi\u00f9 diffusi tra i giovani con et\u00e0 compresa tra i 10 e i 20 anni.<\/p>\n<p>Ma la lista \u00e8 purtroppo lunga. Continuando a leggere i dati dell\u2019indagine si scopre che, ad esempio, il 9,4% dei ragazzi, pari a circa 588.000 individui, soffre di <strong>attacchi di panico<\/strong> (percentuale che cresce fino a sfiorare l\u201911% tra i 18-20enni), mentre sono quasi 530.000 (8,5%) quelli che manifestano <strong>disturbi alimentari<\/strong> (fenomeno particolarmente diffuso nella fascia 13-17 anni).<\/p>\n<p>La <strong>depressione<\/strong> colpisce <strong>335.000 ragazzi<\/strong> (con un\u2019incidenza che arriva addirittura al 7% tra i giovani con et\u00e0 18-20 anni), mentre sono almeno 94.000 i giovani che fanno <strong>abuso di alcol<\/strong> o usano <strong>sostanze stupefacenti<\/strong>; sebbene si tratta di un comportamento diffuso maggiormente nella fascia 18-20 anni, preoccupa vedere come questo fenomeno inizi a manifestarsi gi\u00e0 a partire dai 10-12 anni.<\/p>\n<p>Colpisce, infine, vedere come si diventi <strong>bulli <\/strong>molto presto e, addirittura, circa <strong>40.000 bambini<\/strong> abbiano iniziato ad avere atteggiamenti di violenza verso altri prima ancora di aver compiuto i 12 anni.<\/p>\n<p><strong>Famiglie, cure e costi<\/strong><\/p>\n<p>Fa riflettere vedere che, a fronte di una situazione di disagio, <strong>quasi 1 famiglia su 2 <\/strong>(42%) abbia scelto di <strong>non fare ricorso ad un medico specializzato<\/strong> per affrontare la situazione.<\/p>\n<p>Tra questi, il 70% dei genitori intervistati ha detto di aver preso la decisione perch\u00e9 \u201c<em>riteneva non necessario l\u2019intervento di un medico\u201d<\/em>; il <strong>12,5%,<\/strong> invece, ha dichiarato di <strong>non poterselo permettere<\/strong> economicamente, dato equivalente a <strong>133mila ragazzi non curati per questa ragione.<\/strong><\/p>\n<p>Ma nell\u20191,7% dei casi la famiglia ha preferito tenere la problematica confinata tra le mure domestiche perch\u00e9 <strong>non voleva si sapesse<\/strong> in giro del disagio vissuto dal figlio.<\/p>\n<p>Rivolgersi ad uno specialista ha costi che non sempre \u00e8 facile affrontare; tra gli intervistati che hanno fatto ricorso all\u2019aiuto di un medico, il 33,4% ha optato per la <strong>sanit\u00e0 privata<\/strong>, con una <strong>spesa media pari a 1.826 euro<\/strong>. Cifre importanti che nell\u201980% dei casi sono state sostenute con risparmi personali, mentre il <strong>7,7%<\/strong> dei rispondenti ha detto di aver chiesto un <strong>prestito ad una societ\u00e0 di credito<\/strong>. Marginale l\u2019intervento delle <strong>assicurazioni private<\/strong>, usate solo dal <strong>4,4% delle famiglie<\/strong>.<\/p>\n<p><em>\u00abIn generale, la copertura assicurativa per questo tipo di spese \u00e8 ancora molto rara. Nella maggior parte dei casi il rimborso avviene solamente per sedute di psicoterapia a seguito di grave infortunio o invalidit\u00e0\u00bb,<\/em>\u00a0chiariscono gli esperti di<strong> Facile.it<\/strong> <em>\u00abC&#8217;\u00e8 sempre e comunque necessit\u00e0 di una prescrizione medica, che certifichi un disturbo (es. anoressia). Senza di questo, non \u00e8 mai possibile farsi rimborsare. Va valutato caso per caso se la polizza, sia essa una sanitaria individuale o un fondo a cui contribuisce il proprio datore di lavoro, tuteli il sottoscrittore. Tutti, comunque, possono chiaramente ricorrere ad un prestito personale in maniera tale da non dover rinunciare per ragioni economiche ad un aiuto fondamentale per la serenit\u00e0 psicologica dei propri figli\u00bb<\/em>.<\/p>\n<p>&nbsp;<\/p>\n<p><em>\u00a0<\/em><\/p>\n<p><em>* Indagine commissionata da Facile.it a mUp Research &#8211; svolta tra l\u201911 e il 16 Ottobre 2024 attraverso la somministrazione di n.2.302 interviste CAWI ad un campione di individui con figli in et\u00e0 compresa fra 10 e 20 anni, rappresentativo della popolazione italiana residente sull\u2019intero territorio nazionale.<\/em><\/p>\n<p><em>Immagine \u00a9 DimaBerlin<\/em><\/p>\n","protected":false},"excerpt":{"rendered":"<p>Isolamento, difficolt\u00e0 nel relazionarsi, apatia e attacchi di panico; questi sono solo alcuni dei disagi che, secondo l\u2019indagine commissionata da Facile.it a mUp Research e Bilendi, colpiscono oltre 2,7 milioni di giovani con et\u00e0 compresa tra i 10 e i 20 anni. Eppure, quasi una famiglia su due sceglie di non ricorrere a cure specialistiche [&hellip;]<\/p>\n","protected":false},"author":105,"featured_media":0,"comment_status":"open","ping_status":"open","sticky":false,"template":"","format":"standard","meta":{"footnotes":""},"categories":[14],"tags":[20188,35204,35205,743,1438],"class_list":["post-85878","post","type-post","status-publish","format-standard","hentry","category-salute-e-medicina","tag-bullismo","tag-disagi-giovanili","tag-disagi-psicologici","tag-facile-it","tag-giovani"],"_links":{"self":[{"href":"https:\/\/www.area-press.eu\/comunicatistampa\/wp-json\/wp\/v2\/posts\/85878","targetHints":{"allow":["GET"]}}],"collection":[{"href":"https:\/\/www.area-press.eu\/comunicatistampa\/wp-json\/wp\/v2\/posts"}],"about":[{"href":"https:\/\/www.area-press.eu\/comunicatistampa\/wp-json\/wp\/v2\/types\/post"}],"author":[{"embeddable":true,"href":"https:\/\/www.area-press.eu\/comunicatistampa\/wp-json\/wp\/v2\/users\/105"}],"replies":[{"embeddable":true,"href":"https:\/\/www.area-press.eu\/comunicatistampa\/wp-json\/wp\/v2\/comments?post=85878"}],"version-history":[{"count":1,"href":"https:\/\/www.area-press.eu\/comunicatistampa\/wp-json\/wp\/v2\/posts\/85878\/revisions"}],"predecessor-version":[{"id":85879,"href":"https:\/\/www.area-press.eu\/comunicatistampa\/wp-json\/wp\/v2\/posts\/85878\/revisions\/85879"}],"wp:attachment":[{"href":"https:\/\/www.area-press.eu\/comunicatistampa\/wp-json\/wp\/v2\/media?parent=85878"}],"wp:term":[{"taxonomy":"category","embeddable":true,"href":"https:\/\/www.area-press.eu\/comunicatistampa\/wp-json\/wp\/v2\/categories?post=85878"},{"taxonomy":"post_tag","embeddable":true,"href":"https:\/\/www.area-press.eu\/comunicatistampa\/wp-json\/wp\/v2\/tags?post=85878"}],"curies":[{"name":"wp","href":"https:\/\/api.w.org\/{rel}","templated":true}]}}