{"id":8581,"date":"2016-04-06T21:34:29","date_gmt":"2016-04-06T19:34:29","guid":{"rendered":"http:\/\/www.area-press.eu\/comunicatistampa\/?p=8581"},"modified":"2016-04-06T21:34:29","modified_gmt":"2016-04-06T19:34:29","slug":"ii-motoraduno-regionale-interforze-villanova-di-san-daniele","status":"publish","type":"post","link":"https:\/\/www.area-press.eu\/comunicatistampa\/2016\/04\/06\/ii-motoraduno-regionale-interforze-villanova-di-san-daniele\/","title":{"rendered":"II MOTORADUNO REGIONALE INTERFORZE-Villanova di San Daniele"},"content":{"rendered":"<p>Udine, 19 marzo 2016<\/p>\n<p>&nbsp;<\/p>\n<p>COMUNICATO STAMPA<\/p>\n<p><strong>Villanova<\/strong><\/p>\n<p><strong>#eroisilenziosi<\/strong><\/p>\n<p><strong>II Motoraduno Regionale Interforze<\/strong><\/p>\n<p><strong>Zanier &#8211; Cragnolino &#8211; Ruttar<\/strong><\/p>\n<p>&nbsp;<\/p>\n<p>&nbsp;<\/p>\n<p>La manifestazione, quest&#8217;anno organizzata per il 29 maggio 2016 nella cornice dell&#8217;ex area Biker Fest di Villanova di San Daniele del Friuli, vuole crescere e cercare di coinvolgere maggiormente la cittadinanza. Si \u00e8 voluto infatti dare una nuova connotazione all&#8217;evento che, non sar\u00e0 fine a se stesso ma presentato all&#8217;interno di un&#8217;intera giornata nella quale cercheremo di creare, il \u201cvillaggio sicurezza\u201d ove si potr\u00e0 assistere e stimare le attivit\u00e0 poste in essere a prevenzione ed a soccorso del cittadino da tutti gli operatori che concorrono a garantirle. Un&#8217;area dedicata alla Safety &amp; Security del nostro territorio, delle nostre citt\u00e0 e delle nostre strade. Una giornata che abbiamo titolato \u201c<strong><em>Villanova &#8211; #eroisilenziosi<\/em><\/strong>\u201d volendo ricordare l&#8217;impegno profuso quotidianamente da tutti gli uomini e donne in divisa e mantenere vivo il ricordo degli eroi che hanno donato la loro vita nell&#8217;adempimento del loro dovere.<\/p>\n<p>Stiamo quindi cercando di coinvolgere, ha detto Vanin Maurizio, tutti gli operatori del servizio e soccorso pubblico per allestire stands per la mostra di mezzi e simulazioni di soccorso.<\/p>\n<p>Il Motoraduno invece sosterr\u00e0 uno dei piloni fondanti dell&#8217;Associazione, il ricordo e la commemorazione. L&#8217;evento infatti, anche se dedicato ai tre amici e colleghi tragicamente scomparsi l&#8217;antivigilia di Natale del 1998, sar\u00e0 un momento per ricordare tutti gli uomini e le donne che indossando una qualunque divisa hanno sacrificato la loro vita per proteggere la collettivit\u00e0.<\/p>\n<p>Nella pianificazione del progetto vengono previste staffette di moto che, partendo da reparti dislocati in ogni provincia della Regione portando delle fiaccole, si riuniranno a Villanova e da qui ripartiranno per recarsi a Udine sul luogo della strage per ricordare tutti gli amici, i colleghi.<\/p>\n<p>La giornata avr\u00e0 anche la presenza della FERVICREDO \u2013 Feriti e Vittime Criminalit\u00e0 e Dovere &#8211; Associazione Onlus, che si prefigge, non una mera difesa degli Operatori delle Forze dell\u2019Ordine, ma un&#8217;attivit\u00e0 di solidariet\u00e0, di ascolto, di sostegno di chiunque, operatore specifico, militare, civile, o di suoi familiari, sia venuto a contatto con la brutalit\u00e0 del crimine in ogni sua manifestazione.<\/p>\n<p>&nbsp;<\/p>\n<p>Uno degli obiettivi principali, per il Gruppo Motociclisti \u201cA Manete\u201d e per la sezione udinese dell&#8217;A.N.P.S., rimangono i giovani. A loro sono offerti molti dei momenti di questo evento con allestimento di spazi appositamente realizzati per loro.<\/p>\n<p>Poi, ai ragazzi che si stanno per affacciare al mondo delle due ruote, con i loro primi \u201ccinquantini\u201d e \u201cscooter\u201d, verr\u00e0 dedicato un convegno ove parlare di sicurezza stradale, di rispetto delle regole, di abbigliamento e di comportamenti. Il convegno verr\u00e0 organizzato nella settimana precedente il Motoraduno.<\/p>\n<p>La giornata, realizzata anche in collaborazione con la Proloco di Villanova di San Daniele che garantir\u00e0 il supporto logistico, ha gi\u00e0 raccolto i patrocini della Polizia di Stato, della Provincia di Udine e del Comune di San Daniele del Friuli e si \u00e8 in attesa di conferma per altri importanti patrocini.<\/p>\n<p>Notizie dell&#8217;evento saranno disponibili a breve sulle pagine dell&#8217;evento create sul sito <a href=\"http:\/\/www.anps.udine.it\/\">www.anps.udine.it<\/a>.<\/p>\n<p>Nonostante il carattere di Regionale verranno invitati a partecipare gli appartenenti di tutti i Gruppi<\/p>\n<p>Motociclisti ANPS del territorio nazionale.<\/p>\n<p>&nbsp;<\/p>\n<p>Referente progetto e Responsabile del Gruppo Motociclisti \u201cA Manete\u201d &#8211; Maurizio Vanin 3346381201<\/p>\n","protected":false},"excerpt":{"rendered":"<p>Udine, 19 marzo 2016 &nbsp; COMUNICATO STAMPA Villanova #eroisilenziosi II Motoraduno Regionale Interforze Zanier &#8211; Cragnolino &#8211; Ruttar &nbsp; &nbsp; La manifestazione, quest&#8217;anno organizzata per il 29 maggio 2016 nella cornice dell&#8217;ex area Biker Fest di Villanova di San Daniele del Friuli, vuole crescere e cercare di coinvolgere maggiormente la cittadinanza. Si \u00e8 voluto infatti [&hellip;]<\/p>\n","protected":false},"author":197,"featured_media":0,"comment_status":"open","ping_status":"open","sticky":false,"template":"","format":"gallery","meta":{"footnotes":""},"categories":[8],"tags":[6350,6348,6349],"class_list":["post-8581","post","type-post","status-publish","format-gallery","hentry","category-eventi","tag-anps","tag-motoraduno-interforze","tag-villanova","post_format-post-format-gallery"],"_links":{"self":[{"href":"https:\/\/www.area-press.eu\/comunicatistampa\/wp-json\/wp\/v2\/posts\/8581","targetHints":{"allow":["GET"]}}],"collection":[{"href":"https:\/\/www.area-press.eu\/comunicatistampa\/wp-json\/wp\/v2\/posts"}],"about":[{"href":"https:\/\/www.area-press.eu\/comunicatistampa\/wp-json\/wp\/v2\/types\/post"}],"author":[{"embeddable":true,"href":"https:\/\/www.area-press.eu\/comunicatistampa\/wp-json\/wp\/v2\/users\/197"}],"replies":[{"embeddable":true,"href":"https:\/\/www.area-press.eu\/comunicatistampa\/wp-json\/wp\/v2\/comments?post=8581"}],"version-history":[{"count":2,"href":"https:\/\/www.area-press.eu\/comunicatistampa\/wp-json\/wp\/v2\/posts\/8581\/revisions"}],"predecessor-version":[{"id":8583,"href":"https:\/\/www.area-press.eu\/comunicatistampa\/wp-json\/wp\/v2\/posts\/8581\/revisions\/8583"}],"wp:attachment":[{"href":"https:\/\/www.area-press.eu\/comunicatistampa\/wp-json\/wp\/v2\/media?parent=8581"}],"wp:term":[{"taxonomy":"category","embeddable":true,"href":"https:\/\/www.area-press.eu\/comunicatistampa\/wp-json\/wp\/v2\/categories?post=8581"},{"taxonomy":"post_tag","embeddable":true,"href":"https:\/\/www.area-press.eu\/comunicatistampa\/wp-json\/wp\/v2\/tags?post=8581"}],"curies":[{"name":"wp","href":"https:\/\/api.w.org\/{rel}","templated":true}]}}