{"id":85532,"date":"2024-11-01T17:09:18","date_gmt":"2024-11-01T16:09:18","guid":{"rendered":"https:\/\/www.area-press.eu\/comunicatistampa\/?p=85532"},"modified":"2024-11-01T17:09:18","modified_gmt":"2024-11-01T16:09:18","slug":"auto-in-friuli-venezia-giulia-leta-media-e-pari-a-12-anni-e-8-mesi-4","status":"publish","type":"post","link":"https:\/\/www.area-press.eu\/comunicatistampa\/2024\/11\/01\/auto-in-friuli-venezia-giulia-leta-media-e-pari-a-12-anni-e-8-mesi-4\/","title":{"rendered":"Auto: in Friuli-Venezia Giulia l\u2019et\u00e0 media \u00e8 pari a 12 anni e 8 mesi (+4%)"},"content":{"rendered":"<p>Il <strong>parco circolante in Friuli-Venezia Giulia \u00e8 sempre pi\u00f9 vecchio<\/strong> tanto che, secondo un\u2019analisi* di <a href=\"https:\/\/www.facile.it\/\">Facile.it<\/a>, <strong>l\u2019et\u00e0 media delle auto<\/strong> che viaggiano sulle strade della regione \u00e8 arrivata a settembre 2024 a <strong>12 anni e 8 mesi<\/strong>, addirittura il <strong>4,1% in pi\u00f9<\/strong> rispetto ad un anno prima.<\/p>\n<p>Le automobili in circolazione in Friuli-Venezia Giulia sono risultate essere pi\u00f9 <em>vecchie<\/em> rispetto alla media nazionale, dove l\u2019et\u00e0 delle auto \u00e8 pari ad \u201cappena\u201d 11 anni e 8 mesi.<\/p>\n<p>Continuando nella lettura dell\u2019analisi si scopre che, vista l\u2019et\u00e0 media dei veicoli, sono tanti coloro che scelgono di aggiungere all\u2019<strong>Rc auto<\/strong> anche la <strong>copertura assistenza stradale<\/strong>; in Friuli-Venezia Giulia la percentuale di automobilisti che ha fatto questa scelta \u00e8 pari al <strong>38%<\/strong>.<\/p>\n<p><strong>I dati provinciali<\/strong><\/p>\n<p>Analizzando i dati a livello provinciale emerge che, in Friuli-Venezia Giulia le auto <strong>pi\u00f9 <em>vecchie<\/em><\/strong> circolano a <strong>Gorizia<\/strong>, dove a settembre 2024 l\u2019et\u00e0 media era pari a <strong>12 anni e 10 mesi<\/strong>; subito dopo si posiziona <strong>Pordenone<\/strong>, provincia dove i veicoli hanno, in media, <strong>12 anni e 9 mesi<\/strong>.<\/p>\n<p>Continuando a scorrere la graduatoria si trova <strong>Udine<\/strong> (12 anni e 7 mesi); <strong>Trieste<\/strong>, invece, con 12 anni e 6 mesi, \u00e8 risultata essere la provincia dove circolano le <strong>auto pi\u00f9 <em>giovani<\/em><\/strong>.<\/p>\n<p>Guardando a come \u00e8 cambiata l\u2019et\u00e0 media dei veicoli della regione nell\u2019ultimo anno, emerge che <strong>i valori sono aumentati in tutte le province<\/strong>, con variazioni che vanno dal <strong>+3,1%<\/strong> di <strong>Trieste<\/strong> al <strong>+4,8%<\/strong> di <strong>Pordenone<\/strong>.<\/p>\n<p><strong>Rc auto<\/strong><\/p>\n<p><strong>L\u2019anzianit\u00e0 di una vettura<\/strong>, oltre ad essere probabile causa di <strong>minore sicurezza<\/strong> per i passeggeri e peggiore sostenibilit\u00e0 ambientale, <strong>incide sul premio pagato<\/strong> per l\u2019assicurazione Rc auto? La risposta \u00e8 <strong>s\u00ec<\/strong>. Facile.it ha preso in considerazione il profilo di un assicurato** e ha calcolato \u2013 <strong>a parit\u00e0 di condizioni<\/strong> &#8211; <strong>quanto varia il premio medio pagato<\/strong> con l\u2019anzianit\u00e0 del veicolo.<\/p>\n<p>Con un\u2019et\u00e0 media di <strong>10 anni<\/strong> la tariffa da sostenere per l\u2019Rc auto \u00e8 di circa <strong>206 euro<\/strong>, dato che sale a <strong>228 euro<\/strong> se il veicolo ha <strong>12 anni<\/strong> e raggiunge addirittura i <strong>284 euro<\/strong> in corrispondenza di un\u2019anzianit\u00e0 di 14 anni. Una differenza del <strong>38% in quattro anni<\/strong>.<\/p>\n<p><em>\u00a0<\/em><\/p>\n<p><em>* L\u2019Osservatorio auto di Facile.it calcola il premio di assicurazione Rc auto medio e le sue variazioni negli ultimi 12 mesi. Per calcolare tali dati, Facile.it si \u00e8 avvalso di un campione di\u00a0209.366 preventivi effettuati in Friuli-Venezia Giulia dai suoi utenti tra il 1\u00b0 settembre 2023 e il 30 settembre 2024 e i relativi risultati di quotazione prodotti. Facile.it confronta le compagnie assicurative elencate a questa pagina: <\/em><a href=\"https:\/\/www.facile.it\/come-funziona.html#compagnie_confrontate\"><em>https:\/\/www.facile.it\/come-funziona.html#compagnie_confrontate<\/em><\/a><\/p>\n<p><em>** Simulazione effettuata prendendo a campione un assicurato, residente in provincia di Milano, di et\u00e0 compresa tra 50 e 60 anni, in prima classe di merito.<\/em><\/p>\n","protected":false},"excerpt":{"rendered":"<p>Il parco circolante in Friuli-Venezia Giulia \u00e8 sempre pi\u00f9 vecchio tanto che, secondo un\u2019analisi* di Facile.it, l\u2019et\u00e0 media delle auto che viaggiano sulle strade della regione \u00e8 arrivata a settembre 2024 a 12 anni e 8 mesi, addirittura il 4,1% in pi\u00f9 rispetto ad un anno prima. Le automobili in circolazione in Friuli-Venezia Giulia sono [&hellip;]<\/p>\n","protected":false},"author":105,"featured_media":0,"comment_status":"open","ping_status":"open","sticky":false,"template":"","format":"standard","meta":{"footnotes":""},"categories":[29,7],"tags":[24325,743],"class_list":["post-85532","post","type-post","status-publish","format-standard","hentry","category-comunicati","category-economia-e-finanza","tag-assicurazione-rc-auto","tag-facile-it"],"_links":{"self":[{"href":"https:\/\/www.area-press.eu\/comunicatistampa\/wp-json\/wp\/v2\/posts\/85532","targetHints":{"allow":["GET"]}}],"collection":[{"href":"https:\/\/www.area-press.eu\/comunicatistampa\/wp-json\/wp\/v2\/posts"}],"about":[{"href":"https:\/\/www.area-press.eu\/comunicatistampa\/wp-json\/wp\/v2\/types\/post"}],"author":[{"embeddable":true,"href":"https:\/\/www.area-press.eu\/comunicatistampa\/wp-json\/wp\/v2\/users\/105"}],"replies":[{"embeddable":true,"href":"https:\/\/www.area-press.eu\/comunicatistampa\/wp-json\/wp\/v2\/comments?post=85532"}],"version-history":[{"count":1,"href":"https:\/\/www.area-press.eu\/comunicatistampa\/wp-json\/wp\/v2\/posts\/85532\/revisions"}],"predecessor-version":[{"id":85533,"href":"https:\/\/www.area-press.eu\/comunicatistampa\/wp-json\/wp\/v2\/posts\/85532\/revisions\/85533"}],"wp:attachment":[{"href":"https:\/\/www.area-press.eu\/comunicatistampa\/wp-json\/wp\/v2\/media?parent=85532"}],"wp:term":[{"taxonomy":"category","embeddable":true,"href":"https:\/\/www.area-press.eu\/comunicatistampa\/wp-json\/wp\/v2\/categories?post=85532"},{"taxonomy":"post_tag","embeddable":true,"href":"https:\/\/www.area-press.eu\/comunicatistampa\/wp-json\/wp\/v2\/tags?post=85532"}],"curies":[{"name":"wp","href":"https:\/\/api.w.org\/{rel}","templated":true}]}}