{"id":84659,"date":"2024-08-25T10:35:30","date_gmt":"2024-08-25T08:35:30","guid":{"rendered":"https:\/\/www.area-press.eu\/comunicatistampa\/?p=84659"},"modified":"2024-08-25T10:35:30","modified_gmt":"2024-08-25T08:35:30","slug":"la-tutela-del-lavoratore-durante-la-procedura-di-licenziamento","status":"publish","type":"post","link":"https:\/\/www.area-press.eu\/comunicatistampa\/2024\/08\/25\/la-tutela-del-lavoratore-durante-la-procedura-di-licenziamento\/","title":{"rendered":"La tutela del lavoratore durante la procedura di licenziamento"},"content":{"rendered":"<p class=\"whitespace-pre-wrap break-words\">Il licenziamento rappresenta un momento delicato e spesso traumatico nella vita professionale di un lavoratore.<\/p>\n<p class=\"whitespace-pre-wrap break-words\">La legislazione italiana prevede una serie di tutele e garanzie volte a proteggere i diritti dei dipendenti durante questa fase critica.<\/p>\n<h2 class=\"font-600 text-xl font-bold\">Il quadro normativo di riferimento<\/h2>\n<p class=\"whitespace-pre-wrap break-words\">La tutela del lavoratore nel corso della procedura di licenziamento trova il suo fondamento in diverse fonti normative:<\/p>\n<ol class=\"-mt-1 list-decimal space-y-2 pl-8\">\n<li class=\"whitespace-normal break-words\">Costituzione italiana: L&#8217;articolo 4 sancisce il diritto al lavoro, mentre l&#8217;articolo 35 tutela il lavoro in tutte le sue forme.<\/li>\n<li class=\"whitespace-normal break-words\">Codice Civile: Gli articoli 2118 e 2119 disciplinano rispettivamente il recesso dal contratto a tempo indeterminato e il recesso per giusta causa.<\/li>\n<li class=\"whitespace-normal break-words\">Legge 604\/1966: Introduce la nozione di giustificato motivo e regola il licenziamento individuale.<\/li>\n<li class=\"whitespace-normal break-words\">Statuto dei Lavoratori (Legge 300\/1970): Rafforza le tutele contro i licenziamenti illegittimi, in particolare con l&#8217;art. 18.<\/li>\n<li class=\"whitespace-normal break-words\">Legge 92\/2012 (Riforma Fornero) e D.lgs. 23\/2015 (Jobs Act): Hanno modificato il regime di tutela, differenziando le conseguenze del licenziamento illegittimo in base alla data di assunzione e alle dimensioni dell&#8217;azienda.<\/li>\n<\/ol>\n<p class=\"whitespace-pre-wrap break-words\">Questo quadro normativo complesso mira a bilanciare le esigenze di flessibilit\u00e0 delle imprese con la necessaria protezione dei lavoratori.<\/p>\n<h2 class=\"font-600 text-xl font-bold\">Le forme di licenziamento e le relative tutele<\/h2>\n<p class=\"whitespace-pre-wrap break-words\">Esistono diverse tipologie di licenziamento, ciascuna con specifiche tutele per il lavoratore:<\/p>\n<ol class=\"-mt-1 list-decimal space-y-2 pl-8\">\n<li class=\"whitespace-normal break-words\"><span style=\"text-decoration: underline\">Licenziamento per giustificato motivo oggettivo<\/span>:\n<ul class=\"-mt-1 list-disc space-y-2 pl-8\">\n<li class=\"whitespace-normal break-words\">Obbligo di motivazione legata a ragioni produttive, organizzative o economiche<\/li>\n<li class=\"whitespace-normal break-words\">Procedura di conciliazione preventiva obbligatoria per aziende con pi\u00f9 di 15 dipendenti<\/li>\n<\/ul>\n<\/li>\n<li class=\"whitespace-normal break-words\"><span style=\"text-decoration: underline\">Licenziamento per giustificato motivo soggettivo<\/span>:\n<ul class=\"-mt-1 list-disc space-y-2 pl-8\">\n<li class=\"whitespace-normal break-words\">Necessit\u00e0 di una contestazione disciplinare preventiva<\/li>\n<li class=\"whitespace-normal break-words\">Diritto del lavoratore a presentare giustificazioni<\/li>\n<\/ul>\n<\/li>\n<li class=\"whitespace-normal break-words\"><span style=\"text-decoration: underline\">Licenziamento per giusta causa<\/span>:\n<ul class=\"-mt-1 list-disc space-y-2 pl-8\">\n<li class=\"whitespace-normal break-words\">Immediatezza della contestazione<\/li>\n<li class=\"whitespace-normal break-words\">Proporzionalit\u00e0 tra fatto contestato e sanzione<\/li>\n<\/ul>\n<\/li>\n<li class=\"whitespace-normal break-words\"><span style=\"text-decoration: underline\">Licenziamento collettivo<\/span>:\n<ul class=\"-mt-1 list-disc space-y-2 pl-8\">\n<li class=\"whitespace-normal break-words\">Procedura di informazione e consultazione sindacale<\/li>\n<li class=\"whitespace-normal break-words\">Criteri di scelta dei lavoratori da licenziare<\/li>\n<\/ul>\n<\/li>\n<\/ol>\n<p class=\"whitespace-pre-wrap break-words\">In tutti questi casi, il lavoratore ha diritto a ricevere una comunicazione scritta del licenziamento che specifichi i motivi dello stesso.<\/p>\n<h2 class=\"font-600 text-xl font-bold\">Le garanzie procedurali<\/h2>\n<p class=\"whitespace-pre-wrap break-words\">Durante la procedura di licenziamento, il lavoratore gode di specifiche garanzie procedurali:<\/p>\n<ol class=\"-mt-1 list-decimal space-y-2 pl-8\">\n<li class=\"whitespace-normal break-words\">Diritto al contraddittorio: in caso di licenziamento disciplinare, il lavoratore ha il diritto di essere ascoltato e di presentare le proprie difese.<\/li>\n<li class=\"whitespace-normal break-words\">Termini di preavviso: salvo nei casi di licenziamento per giusta causa, il datore di lavoro deve rispettare i termini di preavviso previsti dal CCNL applicabile.<\/li>\n<li class=\"whitespace-normal break-words\">Motivazione scritta: il licenziamento deve essere comunicato per iscritto, con l&#8217;indicazione specifica dei motivi che lo hanno determinato.<\/li>\n<li class=\"whitespace-normal break-words\">Procedura di conciliazione: in alcuni casi, \u00e8 prevista una procedura di conciliazione preventiva obbligatoria volta a trovare soluzioni alternative al licenziamento.<\/li>\n<li class=\"whitespace-normal break-words\">Tutela contro la discriminazione: sono nulli i licenziamenti determinati da ragioni discriminatorie o ritorsive.<\/li>\n<\/ol>\n<p class=\"whitespace-pre-wrap break-words\">Il rispetto di queste garanzie procedurali \u00e8 fondamentale per la legittimit\u00e0 del licenziamento.<\/p>\n<h2 class=\"font-600 text-xl font-bold\">I rimedi contro il licenziamento illegittimo<\/h2>\n<p class=\"whitespace-pre-wrap break-words\">Qualora il lavoratore ritenga che il licenziamento sia illegittimo, ha a disposizione diversi strumenti di tutela:<\/p>\n<ol class=\"-mt-1 list-decimal space-y-2 pl-8\">\n<li class=\"whitespace-normal break-words\">Impugnazione stragiudiziale: entro 60 giorni dalla comunicazione del licenziamento, il lavoratore pu\u00f2 contestarlo per iscritto.<\/li>\n<li class=\"whitespace-normal break-words\">Ricorso giudiziale: entro 180 giorni dall&#8217;impugnazione stragiudiziale, \u00e8 possibile presentare ricorso al giudice del lavoro.<\/li>\n<li class=\"whitespace-normal break-words\">Tentativo di conciliazione: prima o durante il processo, le parti possono tentare una conciliazione della controversia.<\/li>\n<li class=\"whitespace-normal break-words\">Reintegrazione: in caso di licenziamento discriminatorio o in altre ipotesi previste dalla legge, il giudice pu\u00f2 ordinare la reintegrazione del lavoratore.<\/li>\n<li class=\"whitespace-normal break-words\">Indennit\u00e0 risarcitoria: in alternativa alla reintegrazione, o nei casi in cui questa non sia prevista, il giudice pu\u00f2 condannare il datore di lavoro al pagamento di un&#8217;indennit\u00e0.<\/li>\n<\/ol>\n<p class=\"whitespace-pre-wrap break-words\">\u00c8 importante agire tempestivamente per non perdere la possibilit\u00e0 di contestare il licenziamento.<\/p>\n<h2 class=\"font-600 text-xl font-bold\">Il ruolo dell&#8217;assistenza legale<\/h2>\n<p class=\"whitespace-pre-wrap break-words\">Data la complessit\u00e0 della materia e l&#8217;importanza degli interessi in gioco, l&#8217;assistenza di un avvocato specializzato in diritto del lavoro pu\u00f2 essere determinante per la tutela dei diritti del lavoratore. Un legale esperto pu\u00f2:<\/p>\n<ol class=\"-mt-1 list-decimal space-y-2 pl-8\">\n<li class=\"whitespace-normal break-words\">Valutare la legittimit\u00e0 del licenziamento<\/li>\n<li class=\"whitespace-normal break-words\">Assistere il lavoratore durante la procedura disciplinare<\/li>\n<li class=\"whitespace-normal break-words\">Predisporre l&#8217;impugnazione del licenziamento<\/li>\n<li class=\"whitespace-normal break-words\">Rappresentare il lavoratore in sede di conciliazione o in giudizio<\/li>\n<li class=\"whitespace-normal break-words\">Fornire consulenza su tutti gli aspetti legali e economici connessi al licenziamento<\/li>\n<\/ol>\n<p class=\"whitespace-pre-wrap break-words\">Se vivi in Lombardia e vuoi affidarti ad un professionista che conosce bene questo ramo del diritto, considera che esistono <span style=\"color: #0000ff\"><a style=\"color: #0000ff\" href=\"https:\/\/www.avvocatidellavoromilano.it\/\">avvocati del lavoro Milano<\/a><\/span> che possono assisterti durante la procedura di licenziamento.<\/p>\n<p class=\"whitespace-pre-wrap break-words\">Infatti, le garanzie previste dalla legge mirano a proteggere il lavoratore da licenziamenti ingiustificati o discriminatori, assicurando il rispetto dei suoi diritti fondamentali.<\/p>\n<p class=\"whitespace-pre-wrap break-words\">Ad ogni modo, la complessit\u00e0 della normativa e le possibili conseguenze di un licenziamento illegittimo rendono spesso necessario il supporto di un professionista esperto per muoversi efficacemente in questo delicato processo.<\/p>\n","protected":false},"excerpt":{"rendered":"<p>Il licenziamento rappresenta un momento delicato e spesso traumatico nella vita professionale di un lavoratore. La legislazione italiana prevede una serie di tutele e garanzie volte a proteggere i diritti dei dipendenti durante questa fase critica. Il quadro normativo di riferimento La tutela del lavoratore nel corso della procedura di licenziamento trova il suo fondamento [&hellip;]<\/p>\n","protected":false},"author":11,"featured_media":0,"comment_status":"open","ping_status":"open","sticky":false,"template":"","format":"standard","meta":{"footnotes":""},"categories":[11],"tags":[],"class_list":["post-84659","post","type-post","status-publish","format-standard","hentry","category-lavoro"],"_links":{"self":[{"href":"https:\/\/www.area-press.eu\/comunicatistampa\/wp-json\/wp\/v2\/posts\/84659","targetHints":{"allow":["GET"]}}],"collection":[{"href":"https:\/\/www.area-press.eu\/comunicatistampa\/wp-json\/wp\/v2\/posts"}],"about":[{"href":"https:\/\/www.area-press.eu\/comunicatistampa\/wp-json\/wp\/v2\/types\/post"}],"author":[{"embeddable":true,"href":"https:\/\/www.area-press.eu\/comunicatistampa\/wp-json\/wp\/v2\/users\/11"}],"replies":[{"embeddable":true,"href":"https:\/\/www.area-press.eu\/comunicatistampa\/wp-json\/wp\/v2\/comments?post=84659"}],"version-history":[{"count":1,"href":"https:\/\/www.area-press.eu\/comunicatistampa\/wp-json\/wp\/v2\/posts\/84659\/revisions"}],"predecessor-version":[{"id":84660,"href":"https:\/\/www.area-press.eu\/comunicatistampa\/wp-json\/wp\/v2\/posts\/84659\/revisions\/84660"}],"wp:attachment":[{"href":"https:\/\/www.area-press.eu\/comunicatistampa\/wp-json\/wp\/v2\/media?parent=84659"}],"wp:term":[{"taxonomy":"category","embeddable":true,"href":"https:\/\/www.area-press.eu\/comunicatistampa\/wp-json\/wp\/v2\/categories?post=84659"},{"taxonomy":"post_tag","embeddable":true,"href":"https:\/\/www.area-press.eu\/comunicatistampa\/wp-json\/wp\/v2\/tags?post=84659"}],"curies":[{"name":"wp","href":"https:\/\/api.w.org\/{rel}","templated":true}]}}