{"id":84575,"date":"2024-08-23T12:48:50","date_gmt":"2024-08-23T10:48:50","guid":{"rendered":"https:\/\/www.area-press.eu\/comunicatistampa\/?p=84575"},"modified":"2024-08-23T12:48:50","modified_gmt":"2024-08-23T10:48:50","slug":"fan-503-s-e-fan-ta3-risparmio-energetico-con-i-regolatori-per-fan-coil-di-imit-control-system","status":"publish","type":"post","link":"https:\/\/www.area-press.eu\/comunicatistampa\/2024\/08\/23\/fan-503-s-e-fan-ta3-risparmio-energetico-con-i-regolatori-per-fan-coil-di-imit-control-system\/","title":{"rendered":"FAN 503-S e FAN\/TA3.  Risparmio energetico con i regolatori per Fan-Coil di IMIT Control System"},"content":{"rendered":"<p style=\"font-weight: 400\"><em>IMIT, sensibile all\u2019abbattimento dei consumi energetici, propone al settore della termoregolazione i propri regolatori per Fan-Coil.<\/em><\/p>\n<p style=\"font-weight: 400\">FAN503-S \u00e8 un regolatore per fan-coil ad incasso che consente la gestione e il controllo di 2 elettrovalvole (caldo e freddo) per impianti a 2 o 4 tubi, studiato per rendere pi\u00f9 semplice l\u2019impostazione di fan-coil e ventilconvettori, anche con motori inverter, al fine di migliorare il comfort termico di casa e ufficio.<\/p>\n<p style=\"font-weight: 400\">Il dispositivo, dotato di un pratico display retroilluminato, \u00e8 disponibile in due versioni: regolatore per motore ventola a 3 velocit\u00e0 (230V), indicato per applicazioni classiche, e regolatore per motore ventola brushless modulante 0-10V, per applicazione a Fan-coil con motore inverter.<\/p>\n<p style=\"font-weight: 400\">La versione 0-10V\u00a0\u00e8 in grado di modulare la velocit\u00e0 della ventola fan-coil in base alle necessit\u00e0 dell\u2019utilizzatore finale, piuttosto che attraverso l\u2019attivazione di velocit\u00e0 fisse, consentendo cos\u00ec di ridurre i consumi del 40%, di ottenere una regolazione continua della temperatura, senza spiacevoli sbalzi termici, di diminuire la rumorosit\u00e0 del motore e, dal momento che non c\u2019\u00e8 stress della meccanica all\u2019avviamento dello stesso, aumentarne il ciclo di vita e l\u2019affidabilit\u00e0.<\/p>\n<p><img loading=\"lazy\" decoding=\"async\" class=\"aligncenter size-medium wp-image-426796\" src=\"https:\/\/www.joyfreepress.com\/wp-content\/uploads\/2024\/07\/FAN503-S-IMIT-300x216.jpg\" alt=\"\" width=\"300\" height=\"216\" \/><\/p>\n<p style=\"font-weight: 400\">FAN TA3, invece, \u00e8 un pratico regolatore elettromeccanico ad espansione di vapore per Fan-Coil, radiatori e ventilconvettori. \u00c8 ideale per gestire la temperatura di casa o ufficio nelle due modalit\u00e0 di funzionamento Estate\/Inverno, ovvero, condizionamento e riscaldamento. \u00c8 dotato inoltre di un selettore meccanico a tre posizioni per la regolazione della velocit\u00e0 della ventola e per il controllo della valvola caldo\/freddo.<\/p>\n<p style=\"font-weight: 400\"><img loading=\"lazy\" decoding=\"async\" class=\"aligncenter size-medium wp-image-426797\" src=\"https:\/\/www.joyfreepress.com\/wp-content\/uploads\/2024\/07\/Fan-TA3-300x300.jpg\" alt=\"\" width=\"300\" height=\"300\" \/><\/p>\n<p style=\"font-weight: 400\"><a href=\"http:\/\/www.imit.it\/\"><strong>www.imit.it<\/strong><\/a><\/p>\n","protected":false},"excerpt":{"rendered":"<p>IMIT, sensibile all\u2019abbattimento dei consumi energetici, propone al settore della termoregolazione i propri regolatori per Fan-Coil. FAN503-S \u00e8 un regolatore per fan-coil ad incasso che consente la gestione e il controllo di 2 elettrovalvole (caldo e freddo) per impianti a 2 o 4 tubi, studiato per rendere pi\u00f9 semplice l\u2019impostazione di fan-coil e ventilconvettori, anche [&hellip;]<\/p>\n","protected":false},"author":56,"featured_media":0,"comment_status":"open","ping_status":"open","sticky":false,"template":"","format":"standard","meta":{"footnotes":""},"categories":[18],"tags":[],"class_list":["post-84575","post","type-post","status-publish","format-standard","hentry","category-altri-vari"],"_links":{"self":[{"href":"https:\/\/www.area-press.eu\/comunicatistampa\/wp-json\/wp\/v2\/posts\/84575","targetHints":{"allow":["GET"]}}],"collection":[{"href":"https:\/\/www.area-press.eu\/comunicatistampa\/wp-json\/wp\/v2\/posts"}],"about":[{"href":"https:\/\/www.area-press.eu\/comunicatistampa\/wp-json\/wp\/v2\/types\/post"}],"author":[{"embeddable":true,"href":"https:\/\/www.area-press.eu\/comunicatistampa\/wp-json\/wp\/v2\/users\/56"}],"replies":[{"embeddable":true,"href":"https:\/\/www.area-press.eu\/comunicatistampa\/wp-json\/wp\/v2\/comments?post=84575"}],"version-history":[{"count":1,"href":"https:\/\/www.area-press.eu\/comunicatistampa\/wp-json\/wp\/v2\/posts\/84575\/revisions"}],"predecessor-version":[{"id":84576,"href":"https:\/\/www.area-press.eu\/comunicatistampa\/wp-json\/wp\/v2\/posts\/84575\/revisions\/84576"}],"wp:attachment":[{"href":"https:\/\/www.area-press.eu\/comunicatistampa\/wp-json\/wp\/v2\/media?parent=84575"}],"wp:term":[{"taxonomy":"category","embeddable":true,"href":"https:\/\/www.area-press.eu\/comunicatistampa\/wp-json\/wp\/v2\/categories?post=84575"},{"taxonomy":"post_tag","embeddable":true,"href":"https:\/\/www.area-press.eu\/comunicatistampa\/wp-json\/wp\/v2\/tags?post=84575"}],"curies":[{"name":"wp","href":"https:\/\/api.w.org\/{rel}","templated":true}]}}